{"id":951,"date":"2023-01-29T18:36:01","date_gmt":"2023-01-29T17:36:01","guid":{"rendered":"http:\/\/feuilletsdeuphemia.fr\/?p=951"},"modified":"2023-01-29T18:36:05","modified_gmt":"2023-01-29T17:36:05","slug":"mers-brumeuses-de-chloe-chevalier","status":"publish","type":"post","link":"https:\/\/feuilletsdeuphemia.fr\/index.php\/2023\/01\/29\/mers-brumeuses-de-chloe-chevalier\/","title":{"rendered":"Mers Brumeuses de Chlo\u00e9 Chevalier"},"content":{"rendered":"\n<p>R\u00e9sum\u00e9 \u00e9diteur :<\/p>\n\n\n\n<p>V\u00e9ridienne et les \u00c9ponas, pour la premi\u00e8re fois, l\u00e8vent les armes l&#8217;un contre l&#8217;autre. Sur les rivages des Mers Brumeuses, les Chats de Calvina et les guerri\u00e8res de Malvane se jaugent, et les deux Suivantes, r\u00e9sign\u00e9es et am\u00e8res, se pr\u00e9parent \u00e0 devoir verser le sang de leurs camarades d&#8217;enfance.Alors que leurs reines, \u00e0 tort ou \u00e0 raison, leur retirent peu \u00e0 peu toute confiance et que leurs terres se transforment en cimeti\u00e8res, plus rien ne semble pouvoir emp\u00eacher les d\u00e9sastres \u00e0 venir.<\/p>\n\n\n\n<p>Critique :<br>Ce roman est le troisi\u00e8me r\u00e9cit du Demi-Loup. Tout d&#8217;abord j&#8217;ai rencontr\u00e9 une petite difficult\u00e9 : j&#8217;ai termin\u00e9 le second tome de cette saga en juin 2019 et j&#8217;avais oubli\u00e9 pas mal de choses. Heureusement, gr\u00e2ce aux r\u00e9f\u00e9rences, petit \u00e0 petit, j&#8217;ai pu retrouver et reconstruire les informations que j&#8217;avais pu oublier. Autant quand j&#8217;ai commenc\u00e9 \u00e0 lire de la fantasy et quand j&#8217;encha\u00eenais les tomes des sagas, le petit r\u00e9sum\u00e9 en d\u00e9but de roman me semblait superflu, autant je m&#8217;aper\u00e7ois qu&#8217;avec le temps et le nombre de sagas d\u00e9but\u00e9es, c&#8217;est un \u00e9l\u00e9ment que j&#8217;apprends \u00e0 appr\u00e9cier quand il est l\u00e0 \ud83d\ude42<\/p>\n\n\n\n<p>J&#8217;ai donc retrouv\u00e9 les personnages des deux premiers tomes : les deux princesses, Malvane et Calvina, qui, apr\u00e8s une jeunesse pass\u00e9e ensemble, sont en froid, leurs Suivantes, Lufthilde et Ners\u00e8s, qui tentent de maintenir la paix entre les deux princesses, tout en se m\u00e9fiant l&#8217;une de l&#8217;autre. Un dernier personnage me semble central dans les intrigues tiss\u00e9s : Aldemor, le prince et h\u00e9ritier l\u00e9gitime qui a \u00e9t\u00e9 banni et exil\u00e9.<\/p>\n\n\n\n<p>Comme les tomes pr\u00e9c\u00e9dents, l&#8217;histoire est racont\u00e9e de diff\u00e9rents points de vue, on alterne entre les Suivantes, Cathelle, Aldemor et Crassu, le fils adoptif sourd de Ners\u00e8s, la Suivante de Malvane. Les points de vue sont moins diversifi\u00e9s et sont limit\u00e9s qu&#8217;aux protagonistes de l&#8217;intrigue principale, l\u00e0 o\u00f9 on pouvait avoir des extraits plus secondaires et plus d\u00e9cal\u00e9s dans le premier tome par exemple. On retrouve vite la gymnastique pour identifier qui parle\/\u00e9crit.<\/p>\n\n\n\n<p>Cot\u00e9 intrigue, j&#8217;ai appr\u00e9ci\u00e9 Crassu, enfant adoptif sourd de Ners\u00e8s qui offre une vision diff\u00e9rente des choses. J&#8217;ai aussi appr\u00e9ci\u00e9 le fait que le lecteur se retrouvait avec plus d&#8217;informations que les personnages, on sent la catastrophe venir et on se rend compte de son in\u00e9vitabilit\u00e9. Cela cr\u00e9\u00e9 une v\u00e9ritable tension et un suspense quant \u00e0 la fin de l&#8217;intrigue. Pour autant, tout n&#8217;est pas pr\u00e9visible et la fin nous laisse dans l&#8217;attente de la suite.<\/p>\n\n\n\n<p>Au final, malgr\u00e9 les difficult\u00e9s \u00e0 me replonger dans le r\u00e9cit, notamment \u00e0 cause de la quantit\u00e9 d&#8217;informations oubli\u00e9es, j&#8217;ai fini par appr\u00e9cier ce r\u00e9cit, dans la continuit\u00e9 des tomes pr\u00e9c\u00e9dents mais qui fait aussi \u00e9voluer les personnages et l&#8217;intrigue. Une fois les grandes lignes r\u00e9cup\u00e9r\u00e9es dans ma m\u00e9moire, j&#8217;ai bien accroch\u00e9 au r\u00e9cit et je suis impatiente de lire la suite (mais vu la densit\u00e9, je vais \u00e9viter de trop tarder cette fois) ^^<\/p>\n","protected":false},"excerpt":{"rendered":"<p>R\u00e9sum\u00e9 \u00e9diteur : V\u00e9ridienne et les \u00c9ponas, pour la premi\u00e8re fois, l\u00e8vent les armes l&#8217;un contre l&#8217;autre. Sur les rivages des Mers Brumeuses, les Chats de Calvina et les guerri\u00e8res de Malvane&#8230;<\/p>\n","protected":false},"author":2,"featured_media":952,"comment_status":"open","ping_status":"open","sticky":false,"template":"","format":"standard","meta":{"footnotes":""},"categories":[6],"tags":[],"class_list":["post-951","post","type-post","status-publish","format-standard","has-post-thumbnail","hentry","category-imaginaire"],"_links":{"self":[{"href":"https:\/\/feuilletsdeuphemia.fr\/index.php\/wp-json\/wp\/v2\/posts\/951","targetHints":{"allow":["GET"]}}],"collection":[{"href":"https:\/\/feuilletsdeuphemia.fr\/index.php\/wp-json\/wp\/v2\/posts"}],"about":[{"href":"https:\/\/feuilletsdeuphemia.fr\/index.php\/wp-json\/wp\/v2\/types\/post"}],"author":[{"embeddable":true,"href":"https:\/\/feuilletsdeuphemia.fr\/index.php\/wp-json\/wp\/v2\/users\/2"}],"replies":[{"embeddable":true,"href":"https:\/\/feuilletsdeuphemia.fr\/index.php\/wp-json\/wp\/v2\/comments?post=951"}],"version-history":[{"count":1,"href":"https:\/\/feuilletsdeuphemia.fr\/index.php\/wp-json\/wp\/v2\/posts\/951\/revisions"}],"predecessor-version":[{"id":953,"href":"https:\/\/feuilletsdeuphemia.fr\/index.php\/wp-json\/wp\/v2\/posts\/951\/revisions\/953"}],"wp:featuredmedia":[{"embeddable":true,"href":"https:\/\/feuilletsdeuphemia.fr\/index.php\/wp-json\/wp\/v2\/media\/952"}],"wp:attachment":[{"href":"https:\/\/feuilletsdeuphemia.fr\/index.php\/wp-json\/wp\/v2\/media?parent=951"}],"wp:term":[{"taxonomy":"category","embeddable":true,"href":"https:\/\/feuilletsdeuphemia.fr\/index.php\/wp-json\/wp\/v2\/categories?post=951"},{"taxonomy":"post_tag","embeddable":true,"href":"https:\/\/feuilletsdeuphemia.fr\/index.php\/wp-json\/wp\/v2\/tags?post=951"}],"curies":[{"name":"wp","href":"https:\/\/api.w.org\/{rel}","templated":true}]}}