{"id":864,"date":"2023-01-19T17:53:42","date_gmt":"2023-01-19T16:53:42","guid":{"rendered":"http:\/\/feuilletsdeuphemia.fr\/?p=864"},"modified":"2023-01-19T17:53:45","modified_gmt":"2023-01-19T16:53:45","slug":"la-tour-sombre-tome-1-le-pistolero-de-stephen-king","status":"publish","type":"post","link":"https:\/\/feuilletsdeuphemia.fr\/index.php\/2023\/01\/19\/la-tour-sombre-tome-1-le-pistolero-de-stephen-king\/","title":{"rendered":"La Tour sombre, tome 1 : le Pistolero de Stephen King"},"content":{"rendered":"\n<p>R\u00e9sum\u00e9 \u00e9diteur :<\/p>\n\n\n\n<p>Roland de Gilead, dernier justicier et aventurier d&#8217;un monde dont il cherche \u00e0 inverser la destruction programm\u00e9e, doit arracher au sorcier v\u00eatu de noir les secrets qui le m\u00e8neront vers la Tour Sombre, \u00e0 la crois\u00e9e de tous les temps et de tous les lieux\u2026<\/p>\n\n\n\n<p>Critique<\/p>\n\n\n\n<p>Tout d&#8217;abord cette \u00e9dition s&#8217;ouvre sur une introduction par Stephen King, o\u00f9 il explique l&#8217;historique de ce texte, le contexte de production et les diff\u00e9rentes \u00e9tapes dans sa r\u00e9daction. Donc le texte que j&#8217;ai lu a \u00e9t\u00e9 \u00e9crit quand Stephen King \u00e9tait encore un adolescent mais a \u00e9t\u00e9 retravaill\u00e9 quand l&#8217;auteur a d\u00e9cid\u00e9 d&#8217;\u00e9crire les derniers tomes de cette saga.<\/p>\n\n\n\n<p>J&#8217;ai beaucoup aim\u00e9 ce m\u00e9lange de fantasy, de western et de monde apocalyptique. Fantasy parce qu&#8217;on a un homme \u00e9duqu\u00e9 pour devenir l&#8217;\u00e9quivalent d&#8217;un chevalier des temps modernes avec une mission et le sentiment quelque part d&#8217;\u00eatre un \u00e9lu. Western \u00e0 cause du d\u00e9cor : un d\u00e9sert aride, on sent la poussi\u00e8re qui ass\u00e8che tout et qui envahit y compris les villes que le pistolero trouve sur son chemin. Mais aussi \u00e0 cause de l&#8217;arme et de la d\u00e9gaine du h\u00e9ros. Enfin apocalyptique parce qu&#8217;il rencontre \u00e0 plusieurs reprises des personnages hant\u00e9s par le monde d&#8217;avant, avec la routine scolaire d&#8217;un adolescent, des grandes villes, avec les b\u00e2timents en ruine qui pars\u00e8ment le d\u00e9sert\u2026 Un m\u00e9lange qui fonctionne tr\u00e8s bien d&#8217;ailleurs.<\/p>\n\n\n\n<p>Je lirai probablement la suite pour voir o\u00f9 cela nous m\u00e8ne car la fin du premier tome me laisse sur ma faim, beaucoup de questions restent en suspens\u2026<\/p>\n","protected":false},"excerpt":{"rendered":"<p>R\u00e9sum\u00e9 \u00e9diteur : Roland de Gilead, dernier justicier et aventurier d&#8217;un monde dont il cherche \u00e0 inverser la destruction programm\u00e9e, doit arracher au sorcier v\u00eatu de noir les secrets qui le m\u00e8neront&#8230;<\/p>\n","protected":false},"author":2,"featured_media":865,"comment_status":"open","ping_status":"open","sticky":false,"template":"","format":"standard","meta":{"footnotes":""},"categories":[6],"tags":[],"class_list":["post-864","post","type-post","status-publish","format-standard","has-post-thumbnail","hentry","category-imaginaire"],"_links":{"self":[{"href":"https:\/\/feuilletsdeuphemia.fr\/index.php\/wp-json\/wp\/v2\/posts\/864","targetHints":{"allow":["GET"]}}],"collection":[{"href":"https:\/\/feuilletsdeuphemia.fr\/index.php\/wp-json\/wp\/v2\/posts"}],"about":[{"href":"https:\/\/feuilletsdeuphemia.fr\/index.php\/wp-json\/wp\/v2\/types\/post"}],"author":[{"embeddable":true,"href":"https:\/\/feuilletsdeuphemia.fr\/index.php\/wp-json\/wp\/v2\/users\/2"}],"replies":[{"embeddable":true,"href":"https:\/\/feuilletsdeuphemia.fr\/index.php\/wp-json\/wp\/v2\/comments?post=864"}],"version-history":[{"count":1,"href":"https:\/\/feuilletsdeuphemia.fr\/index.php\/wp-json\/wp\/v2\/posts\/864\/revisions"}],"predecessor-version":[{"id":866,"href":"https:\/\/feuilletsdeuphemia.fr\/index.php\/wp-json\/wp\/v2\/posts\/864\/revisions\/866"}],"wp:featuredmedia":[{"embeddable":true,"href":"https:\/\/feuilletsdeuphemia.fr\/index.php\/wp-json\/wp\/v2\/media\/865"}],"wp:attachment":[{"href":"https:\/\/feuilletsdeuphemia.fr\/index.php\/wp-json\/wp\/v2\/media?parent=864"}],"wp:term":[{"taxonomy":"category","embeddable":true,"href":"https:\/\/feuilletsdeuphemia.fr\/index.php\/wp-json\/wp\/v2\/categories?post=864"},{"taxonomy":"post_tag","embeddable":true,"href":"https:\/\/feuilletsdeuphemia.fr\/index.php\/wp-json\/wp\/v2\/tags?post=864"}],"curies":[{"name":"wp","href":"https:\/\/api.w.org\/{rel}","templated":true}]}}