{"id":861,"date":"2023-01-19T17:52:25","date_gmt":"2023-01-19T16:52:25","guid":{"rendered":"http:\/\/feuilletsdeuphemia.fr\/?p=861"},"modified":"2023-01-19T17:52:28","modified_gmt":"2023-01-19T16:52:28","slug":"salamanca-dalexis-arend","status":"publish","type":"post","link":"https:\/\/feuilletsdeuphemia.fr\/index.php\/2023\/01\/19\/salamanca-dalexis-arend\/","title":{"rendered":"Salamanca d&#8217;Alexis Arend"},"content":{"rendered":"\n<p><strong>R\u00e9sum\u00e9 \u00e9diteur \/ auteur :<\/strong> <\/p>\n\n\n\n<p>Une ancienne route abandonn\u00e9e, au c\u0153ur d\u2019une inqui\u00e9tante for\u00eat\u2026<\/p>\n\n\n\n<p>Le seul murmure du vent pour rompre le silence et la solitude la plus absolue\u2026<\/p>\n\n\n\n<p>Une ville \u00e0 la consonance \u00e9trange, perdue au milieu de nulle part\u2026<\/p>\n\n\n\n<p>Que feriez-vous si vous n\u2019aviez aucun souvenir de la fa\u00e7on dont vous avez atterri en un tel endroit ?<\/p>\n\n\n\n<p>Que feriez-vous si le seul choix qui se pr\u00e9sentait \u00e0 vous \u00e9tait de vous rendre dans cette petite ville isol\u00e9e ?<\/p>\n\n\n\n<p>Que feriez-vous si vous d\u00e9couvriez ce que cache r\u00e9ellement cette ville ? Ce qui s\u2019y dissimule dans l\u2019ombre ?<\/p>\n\n\n\n<p>Seriez-vous alors capable de r\u00e9sister au d\u00e9ferlement de folie et de terreur ?<\/p>\n\n\n\n<p>Et surtout, seriez-vous capable de faire face \u00e0 l\u2019effroyable v\u00e9rit\u00e9 ?<\/p>\n\n\n\n<p>Quels que soient les choix que vous serez amen\u00e9 \u00e0 faire, prenez bien garde \u00e0 ce qu\u2019aucun d\u2019entre eux ne vous m\u00e8ne \u00e0 SALAMANCA\u2026<\/p>\n\n\n\n<p><strong>Critique :<\/strong><\/p>\n\n\n\n<p>Tout d&#8217;abord je voudrais remercier l&#8217;auteur, Alexis Arend, d&#8217;avoir accept\u00e9 ma demande de SP sur Simplement Pro. Le r\u00e9sum\u00e9 et la couverture m&#8217;avaient attir\u00e9 l&#8217;oeil et je ne regrette pas ce SP.<\/p>\n\n\n\n<p>D\u00e8s le premier chapitre, j&#8217;ai \u00e9t\u00e9 happ\u00e9e par l&#8217;histoire. On a une entr\u00e9e en mati\u00e8re tr\u00e8s rythm\u00e9e qui pose d&#8217;embl\u00e9e le d\u00e9cor : une petite ville de province aux USA, les tensions entre les habitants vus comme des p\u00e9quenots et les visiteurs de passage\u2026<\/p>\n\n\n\n<p>Globalement j&#8217;ai trouv\u00e9 que c&#8217;\u00e9tait un roman tr\u00e8s travaill\u00e9 avec une structure sym\u00e9trique tr\u00e8s solide. On suit les aventures de cinq personnages, qui se r\u00e9veillent non loin de la ville de Salamanca, sans souvenir, sans raison apparente d&#8217;\u00eatre l\u00e0, parfois sans bagage \u2026 Au d\u00e9but du roman, l&#8217;auteur intercale des chapitres pour casser le cot\u00e9 r\u00e9p\u00e9titif de l&#8217;arriv\u00e9e des cinq protagonistes. De plus, j&#8217;ai beaucoup aim\u00e9 la fin qui \u00e9tait en miroir par rapport au d\u00e9but\u2026 Bref un roman tr\u00e8s tr\u00e8s bien construit avec un auteur qui \u00e9vite les r\u00e9p\u00e9titions potentielles au vu de l&#8217;histoire \u2026<\/p>\n\n\n\n<p>Chacun des personnages a sa personnalit\u00e9. J&#8217;ai appr\u00e9ci\u00e9 la plupart d&#8217;entre eux. L&#8217;auteur parvient \u00e0 cr\u00e9er un int\u00e9r\u00eat et une curiosit\u00e9 pour ses personnages. Il n&#8217;y a que Tessa qui m&#8217;a sembl\u00e9 un peu trop passive et effac\u00e9e. Je lui ai trouv\u00e9 un c\u00f4t\u00e9 un peu geignarde mais je pense que c&#8217;est le personnage qui veut \u00e7a et c&#8217;est en coh\u00e9rence avec l&#8217;histoire, le pass\u00e9 de Tessa.<\/p>\n\n\n\n<p>J&#8217;ai trouv\u00e9 la fin bien construite mais aussi satisfaisante. L&#8217;auteur attise notre curiosit\u00e9 sur ses personnages, en nous donnant des indices au fur et \u00e0 mesure du r\u00e9cit mais il offre un d\u00e9nouement complet et bien ficel\u00e9 \u00e0 son histoire, et assez surprenant car je ne m&#8217;attendais pas \u00e0 cela.<\/p>\n\n\n\n<p>En conclusion une tr\u00e8s bonne lecture, agr\u00e9able, bien \u00e9crite, bien construite, sans passage vraiment inutile qui me donne envie de d\u00e9couvrir les autres textes de cet auteur. Seul point noir du tableau : il me semble que ces textes en version num\u00e9rique ne sont que sur la plateforme amazon. Tant pis, il me reste le papier \ud83d\ude42<\/p>\n","protected":false},"excerpt":{"rendered":"<p>R\u00e9sum\u00e9 \u00e9diteur \/ auteur : Une ancienne route abandonn\u00e9e, au c\u0153ur d\u2019une inqui\u00e9tante for\u00eat\u2026 Le seul murmure du vent pour rompre le silence et la solitude la plus absolue\u2026 Une ville \u00e0&#8230;<\/p>\n","protected":false},"author":2,"featured_media":862,"comment_status":"open","ping_status":"open","sticky":false,"template":"","format":"standard","meta":{"footnotes":""},"categories":[6],"tags":[],"class_list":["post-861","post","type-post","status-publish","format-standard","has-post-thumbnail","hentry","category-imaginaire"],"_links":{"self":[{"href":"https:\/\/feuilletsdeuphemia.fr\/index.php\/wp-json\/wp\/v2\/posts\/861","targetHints":{"allow":["GET"]}}],"collection":[{"href":"https:\/\/feuilletsdeuphemia.fr\/index.php\/wp-json\/wp\/v2\/posts"}],"about":[{"href":"https:\/\/feuilletsdeuphemia.fr\/index.php\/wp-json\/wp\/v2\/types\/post"}],"author":[{"embeddable":true,"href":"https:\/\/feuilletsdeuphemia.fr\/index.php\/wp-json\/wp\/v2\/users\/2"}],"replies":[{"embeddable":true,"href":"https:\/\/feuilletsdeuphemia.fr\/index.php\/wp-json\/wp\/v2\/comments?post=861"}],"version-history":[{"count":1,"href":"https:\/\/feuilletsdeuphemia.fr\/index.php\/wp-json\/wp\/v2\/posts\/861\/revisions"}],"predecessor-version":[{"id":863,"href":"https:\/\/feuilletsdeuphemia.fr\/index.php\/wp-json\/wp\/v2\/posts\/861\/revisions\/863"}],"wp:featuredmedia":[{"embeddable":true,"href":"https:\/\/feuilletsdeuphemia.fr\/index.php\/wp-json\/wp\/v2\/media\/862"}],"wp:attachment":[{"href":"https:\/\/feuilletsdeuphemia.fr\/index.php\/wp-json\/wp\/v2\/media?parent=861"}],"wp:term":[{"taxonomy":"category","embeddable":true,"href":"https:\/\/feuilletsdeuphemia.fr\/index.php\/wp-json\/wp\/v2\/categories?post=861"},{"taxonomy":"post_tag","embeddable":true,"href":"https:\/\/feuilletsdeuphemia.fr\/index.php\/wp-json\/wp\/v2\/tags?post=861"}],"curies":[{"name":"wp","href":"https:\/\/api.w.org\/{rel}","templated":true}]}}