{"id":843,"date":"2023-01-19T17:44:17","date_gmt":"2023-01-19T16:44:17","guid":{"rendered":"http:\/\/feuilletsdeuphemia.fr\/?p=843"},"modified":"2023-01-19T17:44:21","modified_gmt":"2023-01-19T16:44:21","slug":"saigneur-de-guerre-de-manuel-essard","status":"publish","type":"post","link":"https:\/\/feuilletsdeuphemia.fr\/index.php\/2023\/01\/19\/saigneur-de-guerre-de-manuel-essard\/","title":{"rendered":"Saigneur de guerre de Manuel Essard"},"content":{"rendered":"\n<p>R\u00e9sum\u00e9<\/p>\n\n\n\n<p>Les troupes de l&#8217;arm\u00e9e Sombre, men\u00e9e par Hilf Zork\u00e8r, un redoutable seigneur de guerre, se rapprochent dangereusement du Ch\u00e2teau de la Dame Blanche. La souveraine n&#8217;a d&#8217;autres choix que d&#8217;envoyer sa fille requ\u00e9rir l&#8217;aide des Chevaliers Vampires.<\/p>\n\n\n\n<p>Critiques :<\/p>\n\n\n\n<p>Je ressors de cette lecture avec un avis mitig\u00e9. D\u00e9j\u00e0 j&#8217;ai trouv\u00e9, lors d&#8217;un march\u00e9 aux livres, ce roman, ainsi que sa suite, dans l&#8217;\u00e9dition Lokomodo. C&#8217;est un bel objet et tr\u00e8s agr\u00e9able \u00e0 lire. La couverture est belle mais je trouve dommage d&#8217;y voir un chevalier en armure blanche alors que \u00e0 mes yeux l&#8217;h\u00e9ro\u00efne est plus la princesse (je pourrais dire la m\u00eame chose du titre m\u00eame si on comprend \u00e0 la fin pourquoi ce titre)<\/p>\n\n\n\n<p>Ce roman m&#8217;a marqu\u00e9e par son rythme. Il est compos\u00e9 de chapitres relativement courts, qui alternent les points de vue entre l&#8217;action au niveau de la princesse, les intrigues au niveau du Chateau de la Dame Blanche et la progression des troupes de l&#8217;arm\u00e9e Sombre. Par contre, cette \u00e9criture rapide a un revers : les personnages me semblent un peu superficiels. Le narrateur ne prend pas le temps de les construire solidement. Au final on s&#8217;attache assez peu aux personnages. J&#8217;ai aussi trouv\u00e9 que les noms des arm\u00e9es (arm\u00e9e Sombre, t\u00e9n\u00e9breuse, dame blanche) \u00e9taient trop explicites et un peu manich\u00e9ens.<\/p>\n\n\n\n<p>Donc une lecture rythm\u00e9e, rapide, avec pas mal de rebondissements mais un peu superficielle.<\/p>\n","protected":false},"excerpt":{"rendered":"<p>R\u00e9sum\u00e9 Les troupes de l&#8217;arm\u00e9e Sombre, men\u00e9e par Hilf Zork\u00e8r, un redoutable seigneur de guerre, se rapprochent dangereusement du Ch\u00e2teau de la Dame Blanche. La souveraine n&#8217;a d&#8217;autres choix que d&#8217;envoyer sa&#8230;<\/p>\n","protected":false},"author":2,"featured_media":844,"comment_status":"open","ping_status":"open","sticky":false,"template":"","format":"standard","meta":{"footnotes":""},"categories":[6],"tags":[],"class_list":["post-843","post","type-post","status-publish","format-standard","has-post-thumbnail","hentry","category-imaginaire"],"_links":{"self":[{"href":"https:\/\/feuilletsdeuphemia.fr\/index.php\/wp-json\/wp\/v2\/posts\/843","targetHints":{"allow":["GET"]}}],"collection":[{"href":"https:\/\/feuilletsdeuphemia.fr\/index.php\/wp-json\/wp\/v2\/posts"}],"about":[{"href":"https:\/\/feuilletsdeuphemia.fr\/index.php\/wp-json\/wp\/v2\/types\/post"}],"author":[{"embeddable":true,"href":"https:\/\/feuilletsdeuphemia.fr\/index.php\/wp-json\/wp\/v2\/users\/2"}],"replies":[{"embeddable":true,"href":"https:\/\/feuilletsdeuphemia.fr\/index.php\/wp-json\/wp\/v2\/comments?post=843"}],"version-history":[{"count":1,"href":"https:\/\/feuilletsdeuphemia.fr\/index.php\/wp-json\/wp\/v2\/posts\/843\/revisions"}],"predecessor-version":[{"id":845,"href":"https:\/\/feuilletsdeuphemia.fr\/index.php\/wp-json\/wp\/v2\/posts\/843\/revisions\/845"}],"wp:featuredmedia":[{"embeddable":true,"href":"https:\/\/feuilletsdeuphemia.fr\/index.php\/wp-json\/wp\/v2\/media\/844"}],"wp:attachment":[{"href":"https:\/\/feuilletsdeuphemia.fr\/index.php\/wp-json\/wp\/v2\/media?parent=843"}],"wp:term":[{"taxonomy":"category","embeddable":true,"href":"https:\/\/feuilletsdeuphemia.fr\/index.php\/wp-json\/wp\/v2\/categories?post=843"},{"taxonomy":"post_tag","embeddable":true,"href":"https:\/\/feuilletsdeuphemia.fr\/index.php\/wp-json\/wp\/v2\/tags?post=843"}],"curies":[{"name":"wp","href":"https:\/\/api.w.org\/{rel}","templated":true}]}}