{"id":811,"date":"2023-01-19T17:35:21","date_gmt":"2023-01-19T16:35:21","guid":{"rendered":"http:\/\/feuilletsdeuphemia.fr\/?p=811"},"modified":"2023-01-19T17:35:24","modified_gmt":"2023-01-19T16:35:24","slug":"la-tempete-des-echos-de-christelle-dabos","status":"publish","type":"post","link":"https:\/\/feuilletsdeuphemia.fr\/index.php\/2023\/01\/19\/la-tempete-des-echos-de-christelle-dabos\/","title":{"rendered":"La Temp\u00eate des \u00e9chos de Christelle Dabos"},"content":{"rendered":"\n<p>Enfin le dernier tome de cette saga que j&#8217;ai beaucoup aim\u00e9e : la Passe-Miroir de Christelle Dabos.<\/p>\n\n\n\n<p>Globalement j&#8217;ai eu du mal \u00e0 lire ce dernier tome : je lui ai trouv\u00e9 des longueurs et surtout il m&#8217;emmenait sur des pistes qui ne m&#8217;int\u00e9ressaient pas trop, pistes amorc\u00e9es d&#8217;ailleurs dans le tome pr\u00e9c\u00e9dent.<\/p>\n\n\n\n<p>J&#8217;ai retrouv\u00e9 avec plaisir les personnages des premiers romans, \u00e0 commencer \u00e9videmment par Oph\u00e9lie et Thorn. J&#8217;aime beaucoup l&#8217;alchimie qui existe entre ces deux personnages et je trouve Thorn tr\u00e8s r\u00e9ussi avec son c\u00f4t\u00e9 un peu ours mal l\u00e9ch\u00e9 et en m\u00eame temps homme marqu\u00e9 par son pass\u00e9. Je trouve d&#8217;ailleurs ce personnage plus int\u00e9ressant qu&#8217;Oph\u00e9lie.<\/p>\n\n\n\n<p>C\u00f4t\u00e9 intrigues, j&#8217;ai ressenti la m\u00eame chose qu&#8217;en lisant A la crois\u00e9e des mondes de Pullman. Le d\u00e9but me passionnait mais la piste choisie par l&#8217;auteur ne me plait pas. On part dans quelque chose, les Echos ici, qui ne m&#8217;int\u00e9resse pas. J&#8217;aime les intrigues plus politiques on va dire avec quelque chose de moins m\u00e9taphysique. Bref, je n&#8217;ai pas aim\u00e9 cet aspect et en cela la conclusion pour ce c\u00f4t\u00e9 de l&#8217;histoire ne me pla\u00eet pas. Tant pis pour moi \ud83d\ude42<\/p>\n\n\n\n<p>L&#8217;enqu\u00eate est bien men\u00e9e, les lieux travers\u00e9s et les personnages rencontr\u00e9s sont toujours aussi bons, bien d\u00e9crits, bien d\u00e9velopp\u00e9s. Certains sont riches et captivants, je pense notamment \u00e0 Seconde, la petite soeur d&#8217;Octavio.<\/p>\n\n\n\n<p>En bref, l\u00e9g\u00e8re d\u00e9ception \u00e0 la lecture de ce tome. Certains passages m&#8217;ont bien plu, j&#8217;ai m\u00eame eu des pincements au c\u0153ur par moment, le roman est bon, mais la th\u00e9matique choisie par l&#8217;auteur ne me plait pas. Un gros coup de c\u0153ur cependant pour les derni\u00e8res pages (ce que je ne peux d\u00e9velopper pour ne pas spoiler). Bien que je n&#8217;aime pas l&#8217;orientation prise \u00e0 la fin de la saga, je suis contente d&#8217;en conna\u00eetre la fin et je suivrai attentivement ce que l&#8217;auteur pourra publier par la suite.<\/p>\n","protected":false},"excerpt":{"rendered":"<p>Enfin le dernier tome de cette saga que j&#8217;ai beaucoup aim\u00e9e : la Passe-Miroir de Christelle Dabos. Globalement j&#8217;ai eu du mal \u00e0 lire ce dernier tome : je lui ai trouv\u00e9&#8230;<\/p>\n","protected":false},"author":2,"featured_media":812,"comment_status":"open","ping_status":"open","sticky":false,"template":"","format":"standard","meta":{"footnotes":""},"categories":[6],"tags":[],"class_list":["post-811","post","type-post","status-publish","format-standard","has-post-thumbnail","hentry","category-imaginaire"],"_links":{"self":[{"href":"https:\/\/feuilletsdeuphemia.fr\/index.php\/wp-json\/wp\/v2\/posts\/811","targetHints":{"allow":["GET"]}}],"collection":[{"href":"https:\/\/feuilletsdeuphemia.fr\/index.php\/wp-json\/wp\/v2\/posts"}],"about":[{"href":"https:\/\/feuilletsdeuphemia.fr\/index.php\/wp-json\/wp\/v2\/types\/post"}],"author":[{"embeddable":true,"href":"https:\/\/feuilletsdeuphemia.fr\/index.php\/wp-json\/wp\/v2\/users\/2"}],"replies":[{"embeddable":true,"href":"https:\/\/feuilletsdeuphemia.fr\/index.php\/wp-json\/wp\/v2\/comments?post=811"}],"version-history":[{"count":1,"href":"https:\/\/feuilletsdeuphemia.fr\/index.php\/wp-json\/wp\/v2\/posts\/811\/revisions"}],"predecessor-version":[{"id":813,"href":"https:\/\/feuilletsdeuphemia.fr\/index.php\/wp-json\/wp\/v2\/posts\/811\/revisions\/813"}],"wp:featuredmedia":[{"embeddable":true,"href":"https:\/\/feuilletsdeuphemia.fr\/index.php\/wp-json\/wp\/v2\/media\/812"}],"wp:attachment":[{"href":"https:\/\/feuilletsdeuphemia.fr\/index.php\/wp-json\/wp\/v2\/media?parent=811"}],"wp:term":[{"taxonomy":"category","embeddable":true,"href":"https:\/\/feuilletsdeuphemia.fr\/index.php\/wp-json\/wp\/v2\/categories?post=811"},{"taxonomy":"post_tag","embeddable":true,"href":"https:\/\/feuilletsdeuphemia.fr\/index.php\/wp-json\/wp\/v2\/tags?post=811"}],"curies":[{"name":"wp","href":"https:\/\/api.w.org\/{rel}","templated":true}]}}