{"id":808,"date":"2023-01-19T17:34:29","date_gmt":"2023-01-19T16:34:29","guid":{"rendered":"http:\/\/feuilletsdeuphemia.fr\/?p=808"},"modified":"2023-01-19T17:34:30","modified_gmt":"2023-01-19T16:34:30","slug":"la-fausse-barbe-du-pere-noel-de-terry-pratchett","status":"publish","type":"post","link":"https:\/\/feuilletsdeuphemia.fr\/index.php\/2023\/01\/19\/la-fausse-barbe-du-pere-noel-de-terry-pratchett\/","title":{"rendered":"La Fausse Barbe du P\u00e8re No\u00ebl de Terry Pratchett"},"content":{"rendered":"\n<p>Dans cet ouvrage, le lecteur peut lire une petite dizaine de contes de no\u00ebl \u00e9crits par Terry Pratchett. J&#8217;ai trouv\u00e9 l&#8217;\u00e9dition tr\u00e8s jolie, avec de belles illustrations \u00e0 l&#8217;int\u00e9rieur (pour information j&#8217;ai lu la version originale avec des dessins de Mark Beech).<\/p>\n\n\n\n<p>Les nouvelles se passent dans le village (fictif) de Blackbury en Angleterre. D&#8217;ailleurs ce village est l&#8217;endroit o\u00f9 Johnny Maxwell vit, pour ceux qui ont lu les aventures de Johnny Maxwell :). Bref un petit village fictif et assez excentrique : on a des concours de tourtes g\u00e9antes, ainsi que des chutes de neige qui ensevelissent du jour au lendemain les maisons\u2026<\/p>\n\n\n\n<p>Les histoires sont mignonnes globalement. On y retrouve la patte de Terry Pratchett, notamment au niveau de l&#8217;humour o\u00f9 les lecteurs assidus du Disque-Monde peuvent rep\u00e9rer des blagues d\u00e9j\u00e0 rencontr\u00e9es dans d&#8217;autres contextes. Bref, de l&#8217;humour mais rien d&#8217;original pour les habitu\u00e9s. Je trouve aussi que certains nouvelles ont des chutes un peu faiblardes.<\/p>\n\n\n\n<p>Globalement, cela m&#8217;a fait plaisir de retrouver l&#8217;humour et l&#8217;esprit de Terry Pratchett dans ces nouvelles mais j&#8217;en sors globalement d\u00e9\u00e7ue par leur manque d&#8217;originalit\u00e9 et parfois la faiblesse des chutes des nouvelles. A r\u00e9server, \u00e0 mon avis, aux plus jeunes et aux allergiques \u00e0 la fantasy qui ne peuvent lire du Disque-Monde ..<\/p>\n","protected":false},"excerpt":{"rendered":"<p>Dans cet ouvrage, le lecteur peut lire une petite dizaine de contes de no\u00ebl \u00e9crits par Terry Pratchett. J&#8217;ai trouv\u00e9 l&#8217;\u00e9dition tr\u00e8s jolie, avec de belles illustrations \u00e0 l&#8217;int\u00e9rieur (pour information j&#8217;ai&#8230;<\/p>\n","protected":false},"author":2,"featured_media":809,"comment_status":"open","ping_status":"open","sticky":false,"template":"","format":"standard","meta":{"footnotes":""},"categories":[6],"tags":[],"class_list":["post-808","post","type-post","status-publish","format-standard","has-post-thumbnail","hentry","category-imaginaire"],"_links":{"self":[{"href":"https:\/\/feuilletsdeuphemia.fr\/index.php\/wp-json\/wp\/v2\/posts\/808","targetHints":{"allow":["GET"]}}],"collection":[{"href":"https:\/\/feuilletsdeuphemia.fr\/index.php\/wp-json\/wp\/v2\/posts"}],"about":[{"href":"https:\/\/feuilletsdeuphemia.fr\/index.php\/wp-json\/wp\/v2\/types\/post"}],"author":[{"embeddable":true,"href":"https:\/\/feuilletsdeuphemia.fr\/index.php\/wp-json\/wp\/v2\/users\/2"}],"replies":[{"embeddable":true,"href":"https:\/\/feuilletsdeuphemia.fr\/index.php\/wp-json\/wp\/v2\/comments?post=808"}],"version-history":[{"count":1,"href":"https:\/\/feuilletsdeuphemia.fr\/index.php\/wp-json\/wp\/v2\/posts\/808\/revisions"}],"predecessor-version":[{"id":810,"href":"https:\/\/feuilletsdeuphemia.fr\/index.php\/wp-json\/wp\/v2\/posts\/808\/revisions\/810"}],"wp:featuredmedia":[{"embeddable":true,"href":"https:\/\/feuilletsdeuphemia.fr\/index.php\/wp-json\/wp\/v2\/media\/809"}],"wp:attachment":[{"href":"https:\/\/feuilletsdeuphemia.fr\/index.php\/wp-json\/wp\/v2\/media?parent=808"}],"wp:term":[{"taxonomy":"category","embeddable":true,"href":"https:\/\/feuilletsdeuphemia.fr\/index.php\/wp-json\/wp\/v2\/categories?post=808"},{"taxonomy":"post_tag","embeddable":true,"href":"https:\/\/feuilletsdeuphemia.fr\/index.php\/wp-json\/wp\/v2\/tags?post=808"}],"curies":[{"name":"wp","href":"https:\/\/api.w.org\/{rel}","templated":true}]}}