{"id":784,"date":"2023-01-19T17:26:29","date_gmt":"2023-01-19T16:26:29","guid":{"rendered":"http:\/\/feuilletsdeuphemia.fr\/?p=784"},"modified":"2023-01-19T17:26:32","modified_gmt":"2023-01-19T16:26:32","slug":"le-dragon-des-arcanes-de-pierre-pevel","status":"publish","type":"post","link":"https:\/\/feuilletsdeuphemia.fr\/index.php\/2023\/01\/19\/le-dragon-des-arcanes-de-pierre-pevel\/","title":{"rendered":"Le Dragon des Arcanes de Pierre Pevel"},"content":{"rendered":"\n<p>A la fin du tome pr\u00e9c\u00e9dent, Agn\u00e8s avait une vision de Paris sous les flammes d&#8217;un dragon et La Fargue \u00e9tait en train d&#8217;interroger un comploteur contre le roi quand un dragon ravage la prison o\u00f9 ils \u00e9taient. On retrouve donc les Lames du Cardinal en deuil : Almad\u00e8s s&#8217;est sacrifi\u00e9 pour sauver La Fargue du souffle du dragon qui a survol\u00e9 Paris. Les Lames doivent faire face \u00e0 une ultime attaque des dragons \u2026<\/p>\n\n\n\n<p>J&#8217;ai trouv\u00e9 ce tome plus sombre et plus fragment\u00e9, comme l&#8217;ambiance au sein des Lames. Agn\u00e8s d\u00e9cide de se battre seule de son c\u00f4t\u00e9, forc\u00e9e de se r\u00e9signer \u00e0 accepter son destin. Elle n&#8217;est pas la seule \u00e0 s&#8217;\u00e9loigner, plus ou moins officiellement, des Lames. Ce tome aussi plus sombre car ce combat contre les dragons fait des victimes des deux c\u00f4t\u00e9s. De plus, la confiance n&#8217;est plus trop de mise parmi les Lames : lors du tome 1, on d\u00e9couvre que l&#8217;un d&#8217;eux espionne les Lames pour le compte du cardinal et lors du tome 2, La Fargue recevoir des ordres d&#8217;un myst\u00e9rieux commanditaire\u2026<\/p>\n\n\n\n<p>Il y a davantage d&#8217;actions dans ce tome mais, comme aux tomes pr\u00e9c\u00e9dents, le rythme est ralenti par pas mal de descriptions de Paris. Cependant un grand final vient clore cette saga. Je regrette cependant que certains fils (je pense \u00e0 l&#8217;espion du cardinal) n&#8217;aient pas \u00e9t\u00e9 pouss\u00e9s plus loin.<\/p>\n","protected":false},"excerpt":{"rendered":"<p>A la fin du tome pr\u00e9c\u00e9dent, Agn\u00e8s avait une vision de Paris sous les flammes d&#8217;un dragon et La Fargue \u00e9tait en train d&#8217;interroger un comploteur contre le roi quand un dragon&#8230;<\/p>\n","protected":false},"author":2,"featured_media":785,"comment_status":"open","ping_status":"open","sticky":false,"template":"","format":"standard","meta":{"footnotes":""},"categories":[6],"tags":[],"class_list":["post-784","post","type-post","status-publish","format-standard","has-post-thumbnail","hentry","category-imaginaire"],"_links":{"self":[{"href":"https:\/\/feuilletsdeuphemia.fr\/index.php\/wp-json\/wp\/v2\/posts\/784","targetHints":{"allow":["GET"]}}],"collection":[{"href":"https:\/\/feuilletsdeuphemia.fr\/index.php\/wp-json\/wp\/v2\/posts"}],"about":[{"href":"https:\/\/feuilletsdeuphemia.fr\/index.php\/wp-json\/wp\/v2\/types\/post"}],"author":[{"embeddable":true,"href":"https:\/\/feuilletsdeuphemia.fr\/index.php\/wp-json\/wp\/v2\/users\/2"}],"replies":[{"embeddable":true,"href":"https:\/\/feuilletsdeuphemia.fr\/index.php\/wp-json\/wp\/v2\/comments?post=784"}],"version-history":[{"count":1,"href":"https:\/\/feuilletsdeuphemia.fr\/index.php\/wp-json\/wp\/v2\/posts\/784\/revisions"}],"predecessor-version":[{"id":786,"href":"https:\/\/feuilletsdeuphemia.fr\/index.php\/wp-json\/wp\/v2\/posts\/784\/revisions\/786"}],"wp:featuredmedia":[{"embeddable":true,"href":"https:\/\/feuilletsdeuphemia.fr\/index.php\/wp-json\/wp\/v2\/media\/785"}],"wp:attachment":[{"href":"https:\/\/feuilletsdeuphemia.fr\/index.php\/wp-json\/wp\/v2\/media?parent=784"}],"wp:term":[{"taxonomy":"category","embeddable":true,"href":"https:\/\/feuilletsdeuphemia.fr\/index.php\/wp-json\/wp\/v2\/categories?post=784"},{"taxonomy":"post_tag","embeddable":true,"href":"https:\/\/feuilletsdeuphemia.fr\/index.php\/wp-json\/wp\/v2\/tags?post=784"}],"curies":[{"name":"wp","href":"https:\/\/api.w.org\/{rel}","templated":true}]}}