{"id":781,"date":"2023-01-19T17:25:29","date_gmt":"2023-01-19T16:25:29","guid":{"rendered":"http:\/\/feuilletsdeuphemia.fr\/?p=781"},"modified":"2023-01-19T17:25:30","modified_gmt":"2023-01-19T16:25:30","slug":"lalchimiste-des-ombres-de-pierre-pevel","status":"publish","type":"post","link":"https:\/\/feuilletsdeuphemia.fr\/index.php\/2023\/01\/19\/lalchimiste-des-ombres-de-pierre-pevel\/","title":{"rendered":"L&#8217;Alchimiste des ombres de Pierre Pevel"},"content":{"rendered":"\n<p>C&#8217;est avec plaisir que j&#8217;ai retrouv\u00e9 l&#8217;univers des lames du cardinal. Peu de temps a pass\u00e9 depuis la fin du premier tome. Les lames sont charg\u00e9es d&#8217;une nouvelle mission : n\u00e9gocier avec une espionne italienne afin de d\u00e9jouer un complot contre le roi et mettre un terme aux machinations de l&#8217;alchimiste des ombres, un dangereux dragon que les lames ont d\u00e9j\u00e0 crois\u00e9 pour leur plus grand malheur.<\/p>\n\n\n\n<p>Le m\u00e9lange entre fantasy et capes et \u00e9p\u00e9es est toujours aussi sympathique, mais j&#8217;ai trouv\u00e9 le rythme un peu lent. Les descriptions de Paris, des rues et de la place des diff\u00e9rents lieux me parlent assez peu. Je connais peu Paris et les descriptions de lieux pr\u00e9cis ne m&#8217;ont pas parl\u00e9 globalement, \u00e0 l&#8217;exception \u00e9videmment de certains rep\u00e8res comme l&#8217;Ile Notre Dame. Autant cela posait le d\u00e9cor dans le premier tome, autant je trouve que cela ralentit l&#8217;action dans le second.<\/p>\n\n\n\n<p>C\u00f4t\u00e9 histoire, il y a des rebondissements, de l&#8217;action, des combats, des trahisons \u2026 bref il se passe beaucoup de choses et on suit avec plaisir les aventures de nos h\u00e9ros. L&#8217;\u00e9l\u00e9ment fantasy est davantage pr\u00e9sent et surtout on d\u00e9couvre plus que choses sur les dragons et leur sorcellerie.<\/p>\n\n\n\n<p>Un tome qui m&#8217;a sembl\u00e9 parfois un peu long mais j&#8217;ai beaucoup aim\u00e9 quand m\u00eame. Et surtout.. la fin est tr\u00e8s tr\u00e8s accrocheuse \ud83d\ude42<\/p>\n","protected":false},"excerpt":{"rendered":"<p>C&#8217;est avec plaisir que j&#8217;ai retrouv\u00e9 l&#8217;univers des lames du cardinal. Peu de temps a pass\u00e9 depuis la fin du premier tome. Les lames sont charg\u00e9es d&#8217;une nouvelle mission : n\u00e9gocier avec&#8230;<\/p>\n","protected":false},"author":2,"featured_media":782,"comment_status":"open","ping_status":"open","sticky":false,"template":"","format":"standard","meta":{"footnotes":""},"categories":[6],"tags":[],"class_list":["post-781","post","type-post","status-publish","format-standard","has-post-thumbnail","hentry","category-imaginaire"],"_links":{"self":[{"href":"https:\/\/feuilletsdeuphemia.fr\/index.php\/wp-json\/wp\/v2\/posts\/781","targetHints":{"allow":["GET"]}}],"collection":[{"href":"https:\/\/feuilletsdeuphemia.fr\/index.php\/wp-json\/wp\/v2\/posts"}],"about":[{"href":"https:\/\/feuilletsdeuphemia.fr\/index.php\/wp-json\/wp\/v2\/types\/post"}],"author":[{"embeddable":true,"href":"https:\/\/feuilletsdeuphemia.fr\/index.php\/wp-json\/wp\/v2\/users\/2"}],"replies":[{"embeddable":true,"href":"https:\/\/feuilletsdeuphemia.fr\/index.php\/wp-json\/wp\/v2\/comments?post=781"}],"version-history":[{"count":1,"href":"https:\/\/feuilletsdeuphemia.fr\/index.php\/wp-json\/wp\/v2\/posts\/781\/revisions"}],"predecessor-version":[{"id":783,"href":"https:\/\/feuilletsdeuphemia.fr\/index.php\/wp-json\/wp\/v2\/posts\/781\/revisions\/783"}],"wp:featuredmedia":[{"embeddable":true,"href":"https:\/\/feuilletsdeuphemia.fr\/index.php\/wp-json\/wp\/v2\/media\/782"}],"wp:attachment":[{"href":"https:\/\/feuilletsdeuphemia.fr\/index.php\/wp-json\/wp\/v2\/media?parent=781"}],"wp:term":[{"taxonomy":"category","embeddable":true,"href":"https:\/\/feuilletsdeuphemia.fr\/index.php\/wp-json\/wp\/v2\/categories?post=781"},{"taxonomy":"post_tag","embeddable":true,"href":"https:\/\/feuilletsdeuphemia.fr\/index.php\/wp-json\/wp\/v2\/tags?post=781"}],"curies":[{"name":"wp","href":"https:\/\/api.w.org\/{rel}","templated":true}]}}