{"id":775,"date":"2023-01-19T17:23:30","date_gmt":"2023-01-19T16:23:30","guid":{"rendered":"http:\/\/feuilletsdeuphemia.fr\/?p=775"},"modified":"2023-01-19T17:23:33","modified_gmt":"2023-01-19T16:23:33","slug":"lheritage-des-rois-passeurs-de-manon-fargetton","status":"publish","type":"post","link":"https:\/\/feuilletsdeuphemia.fr\/index.php\/2023\/01\/19\/lheritage-des-rois-passeurs-de-manon-fargetton\/","title":{"rendered":"L&#8217;H\u00e9ritage des rois passeurs de Manon Fargetton"},"content":{"rendered":"\n<p>Dans un monde nomm\u00e9 Ombre, la princesse Ravenn, exil\u00e9e parmi un clan de chasseurs farouches, apprend la mort prochaine de sa m\u00e8re et elle d\u00e9cide de rentrer \u00e0 la capitale pour r\u00e9clamer son titre de souveraine. Dans notre monde, Enora est une jeune fille libre et ind\u00e9pendante, \u00e9tudiant \u00e0 Paris. Alors qu&#8217;elle rentre dans sa famille pour f\u00eater son anniversaire, et celui de son jumeau par la m\u00eame occasion, elle assiste, impuissante, au massacre de ses proches. Il faut dire qu&#8217;elle a h\u00e9rit\u00e9 d&#8217;un pouvoir tr\u00e8s particulier : elle peut passer d&#8217;un monde \u00e0 l&#8217;autre. Ca tombe bien car les meurtriers de sa famille la poursuit et elle a besoin d&#8217;un endroit pour se cacher \u2026<\/p>\n\n\n\n<p>Cette lecture a \u00e9t\u00e9 tr\u00e8s plaisante. Je suis rentr\u00e9e assez vite dans l&#8217;univers du roman. Le roman alterne les points de vue. On commence par suivre Ravenn, dans une de ses chasses aux dragons. Elle a rejoint un clan de chasseurs. Elle dirige une troupe, bien qu&#8217;elle n&#8217;est pas originaire de ce clan. Puis on change et on rejoint Enora, qui quitte Paris pour rejoindre avec impatience sa famille. Apr\u00e8s, les rebondissements s&#8217;enchainent assez vite et l&#8217;auteur s&#8217;amuse souvent \u00e0 nous laisser sur notre faim en fin de chapitre :). Les chapitres d\u00e9filent rapidement et on a h\u00e2te de conna\u00eetre la suite.<\/p>\n\n\n\n<p>On rencontre pas mal de personnages : Ravenn et Enora, \u00e9videmment mais toute une foule d&#8217;amis leur tournent autour, avec des intentions plus ou moins honorables. Les personnages sont nuanc\u00e9s. Le petit point noir serait Ravenn qui me semble tellement imbattable : elle est increvable, elle sait lire dans le c\u0153ur des gens, elle semble ne jamais se tromper. Bref, elle para\u00eet tellement sans faille qu&#8217;elle en devient presque improbable.<\/p>\n\n\n\n<p>L&#8217;univers d&#8217;Ombre m\u00e9lange tradition (les mages, forme de magie respect\u00e9e vs les sorci\u00e8res) et modernit\u00e9. Elle se place avec les auteurs de fantasy qui nous proposent des romans centr\u00e9s sur des h\u00e9ro\u00efnes fortes, d\u00e9termin\u00e9es et ind\u00e9pendantes.<\/p>\n\n\n\n<p>En bref, une bonne lecture, qui esquisse un monde fascinant. L&#8217;auteur ouvre notamment des portes pour une suite et je sais d\u00e9j\u00e0 qu&#8217;il y a un autre tome sur cet univers, mais avec des personnages diff\u00e9rents, centr\u00e9 autour des magiciennes \/ sorci\u00e8res.<\/p>\n","protected":false},"excerpt":{"rendered":"<p>Dans un monde nomm\u00e9 Ombre, la princesse Ravenn, exil\u00e9e parmi un clan de chasseurs farouches, apprend la mort prochaine de sa m\u00e8re et elle d\u00e9cide de rentrer \u00e0 la capitale pour r\u00e9clamer&#8230;<\/p>\n","protected":false},"author":2,"featured_media":776,"comment_status":"open","ping_status":"open","sticky":false,"template":"","format":"standard","meta":{"footnotes":""},"categories":[6],"tags":[],"class_list":["post-775","post","type-post","status-publish","format-standard","has-post-thumbnail","hentry","category-imaginaire"],"_links":{"self":[{"href":"https:\/\/feuilletsdeuphemia.fr\/index.php\/wp-json\/wp\/v2\/posts\/775","targetHints":{"allow":["GET"]}}],"collection":[{"href":"https:\/\/feuilletsdeuphemia.fr\/index.php\/wp-json\/wp\/v2\/posts"}],"about":[{"href":"https:\/\/feuilletsdeuphemia.fr\/index.php\/wp-json\/wp\/v2\/types\/post"}],"author":[{"embeddable":true,"href":"https:\/\/feuilletsdeuphemia.fr\/index.php\/wp-json\/wp\/v2\/users\/2"}],"replies":[{"embeddable":true,"href":"https:\/\/feuilletsdeuphemia.fr\/index.php\/wp-json\/wp\/v2\/comments?post=775"}],"version-history":[{"count":1,"href":"https:\/\/feuilletsdeuphemia.fr\/index.php\/wp-json\/wp\/v2\/posts\/775\/revisions"}],"predecessor-version":[{"id":777,"href":"https:\/\/feuilletsdeuphemia.fr\/index.php\/wp-json\/wp\/v2\/posts\/775\/revisions\/777"}],"wp:featuredmedia":[{"embeddable":true,"href":"https:\/\/feuilletsdeuphemia.fr\/index.php\/wp-json\/wp\/v2\/media\/776"}],"wp:attachment":[{"href":"https:\/\/feuilletsdeuphemia.fr\/index.php\/wp-json\/wp\/v2\/media?parent=775"}],"wp:term":[{"taxonomy":"category","embeddable":true,"href":"https:\/\/feuilletsdeuphemia.fr\/index.php\/wp-json\/wp\/v2\/categories?post=775"},{"taxonomy":"post_tag","embeddable":true,"href":"https:\/\/feuilletsdeuphemia.fr\/index.php\/wp-json\/wp\/v2\/tags?post=775"}],"curies":[{"name":"wp","href":"https:\/\/api.w.org\/{rel}","templated":true}]}}