{"id":769,"date":"2023-01-19T17:22:02","date_gmt":"2023-01-19T16:22:02","guid":{"rendered":"http:\/\/feuilletsdeuphemia.fr\/?p=769"},"modified":"2023-01-19T17:22:05","modified_gmt":"2023-01-19T16:22:05","slug":"les-lames-du-cardinal-de-pierre-pevel","status":"publish","type":"post","link":"https:\/\/feuilletsdeuphemia.fr\/index.php\/2023\/01\/19\/les-lames-du-cardinal-de-pierre-pevel\/","title":{"rendered":"Les Lames du Cardinal de Pierre Pevel"},"content":{"rendered":"\n<p>Imaginez \u2026 Imaginez les Trois Mousquetaires mais avec de la sorcellerie et des dragons ! et vous obtenez Les Lames du Cardinal de Pierre Pevel<\/p>\n\n\n\n<p>Les Lames du Cardinal sont une troupe d&#8217;\u00e9lite sous les ordres de Richelieu. Mais, c&#8217;est aussi une troupe qui a \u00e9t\u00e9 dissoute car une de leurs erreurs a cout\u00e9 le si\u00e8ge de la Rochelle \u00e0 la couronne et la Rochelle est devenue ind\u00e9pendante \u00e0 cause de cela. Seulement voil\u00e0, le cardinal a besoin d&#8217;eux, cinq ans apr\u00e8s et il les rappelle. R\u00e9pondent \u00e0 l&#8217;appel La Fargue, l&#8217;un des deux fondateurs de cette troupe d&#8217;\u00e9lite, v\u00e9ritable p\u00e8re pour les membres de cette troupe, Marciac, gentilhomme bon vivant, Almedes, un espagnol ma\u00eetre d&#8217;escrime, Leprat, qui \u00e9tait devenu mousquetaire entre temps et la belle Agn\u00e8s. Le Cardinal leur confie une mission d&#8217;une grande importance et qui n\u00e9cessite une discr\u00e9tion absolue\u2026<\/p>\n\n\n\n<p>Pierre Pevel a le truc pour nous faire voyager dans Paris, cette fois un Paris de capes et d&#8217;\u00e9p\u00e9e (apr\u00e8s le Paris du XIXe si\u00e8cle version steampunk du Paris des Merveilles). Les dragons sont une race mourante. On ne rencontre que des petits dragonnets qui ont, semble-t-il, du mal \u00e0 vivre par leurs propres moyens. Il reste, certes, quelques grands dragons .. mais dans quel \u00e9tat.<\/p>\n\n\n\n<p>J&#8217;ai trouv\u00e9 le d\u00e9but un peu long. Le style est riche et me rappelle juste les romans de capes et d&#8217;\u00e9p\u00e9es mais on rentre vite dans le roman. L&#8217;auteur prend tout son temps pour pr\u00e9senter chacun des personnages. Une longue mise en place mais pas inutile. On cerne bien chacun d&#8217;entre eux et on s&#8217;attache aussi \u00e0 certains d&#8217;entre eux. L&#8217;action acc\u00e9l\u00e8re \u00e0 la fin du roman, les r\u00e9v\u00e9lations aussi.<\/p>\n\n\n\n<p>C&#8217;est avec grand plaisir que je lirai la suite de la trilogie, j&#8217;ai h\u00e2te de conna\u00eetre la suite.<\/p>\n","protected":false},"excerpt":{"rendered":"<p>Imaginez \u2026 Imaginez les Trois Mousquetaires mais avec de la sorcellerie et des dragons ! et vous obtenez Les Lames du Cardinal de Pierre Pevel Les Lames du Cardinal sont une troupe&#8230;<\/p>\n","protected":false},"author":2,"featured_media":770,"comment_status":"open","ping_status":"open","sticky":false,"template":"","format":"standard","meta":{"footnotes":""},"categories":[6],"tags":[],"class_list":["post-769","post","type-post","status-publish","format-standard","has-post-thumbnail","hentry","category-imaginaire"],"_links":{"self":[{"href":"https:\/\/feuilletsdeuphemia.fr\/index.php\/wp-json\/wp\/v2\/posts\/769","targetHints":{"allow":["GET"]}}],"collection":[{"href":"https:\/\/feuilletsdeuphemia.fr\/index.php\/wp-json\/wp\/v2\/posts"}],"about":[{"href":"https:\/\/feuilletsdeuphemia.fr\/index.php\/wp-json\/wp\/v2\/types\/post"}],"author":[{"embeddable":true,"href":"https:\/\/feuilletsdeuphemia.fr\/index.php\/wp-json\/wp\/v2\/users\/2"}],"replies":[{"embeddable":true,"href":"https:\/\/feuilletsdeuphemia.fr\/index.php\/wp-json\/wp\/v2\/comments?post=769"}],"version-history":[{"count":1,"href":"https:\/\/feuilletsdeuphemia.fr\/index.php\/wp-json\/wp\/v2\/posts\/769\/revisions"}],"predecessor-version":[{"id":771,"href":"https:\/\/feuilletsdeuphemia.fr\/index.php\/wp-json\/wp\/v2\/posts\/769\/revisions\/771"}],"wp:featuredmedia":[{"embeddable":true,"href":"https:\/\/feuilletsdeuphemia.fr\/index.php\/wp-json\/wp\/v2\/media\/770"}],"wp:attachment":[{"href":"https:\/\/feuilletsdeuphemia.fr\/index.php\/wp-json\/wp\/v2\/media?parent=769"}],"wp:term":[{"taxonomy":"category","embeddable":true,"href":"https:\/\/feuilletsdeuphemia.fr\/index.php\/wp-json\/wp\/v2\/categories?post=769"},{"taxonomy":"post_tag","embeddable":true,"href":"https:\/\/feuilletsdeuphemia.fr\/index.php\/wp-json\/wp\/v2\/tags?post=769"}],"curies":[{"name":"wp","href":"https:\/\/api.w.org\/{rel}","templated":true}]}}