{"id":383,"date":"2023-01-15T11:18:34","date_gmt":"2023-01-15T10:18:34","guid":{"rendered":"http:\/\/feuilletsdeuphemia.fr\/?p=383"},"modified":"2023-01-15T11:18:35","modified_gmt":"2023-01-15T10:18:35","slug":"lenquete-de-philippe-claudel","status":"publish","type":"post","link":"https:\/\/feuilletsdeuphemia.fr\/index.php\/2023\/01\/15\/lenquete-de-philippe-claudel\/","title":{"rendered":"L&#8217;Enquete de Philippe Claudel"},"content":{"rendered":"\n<p>Pr\u00e9sentation de l&#8217;\u00e9diteur<\/p>\n\n\n\n<p>\u00ab C\u2019est en ne cherchant pas que tu trouveras. \u00bb Comment l\u2019Enqu\u00eateur du nouveau roman de Philippe Claudel aurait-il pu s\u2019en douter ? Comment aurait-il imagin\u00e9 que cette enqu\u00eate de routine serait la derni\u00e8re de sa vie ?<\/p>\n\n\n\n<p>Charg\u00e9 d\u2019\u00e9lucider les causes d\u2019une vague de suicides dans l\u2019entreprise d\u2019une ville qui ressemble h\u00e9las \u00e0 toutes les n\u00f4tres, l\u2019Enqu\u00eateur est investi d\u2019une mission qu\u2019il doit mener \u00e0 terme comme il l\u2019a toujours fait. Des signes d\u2019inqui\u00e9tude s\u2019emparent de lui peu \u00e0 peu : l\u2019h\u00f4tel o\u00f9 il s\u2019installe accueille tant\u00f4t des touristes bruyants et joyeux, tant\u00f4t des personnes d\u00e9plac\u00e9es en d\u00e9tresse. Dans l\u2019entreprise o\u00f9 il devrait \u00eatre attendu afin de r\u00e9soudre son enqu\u00eate, personne ne l\u2019attend et tous lui sont hostiles. Est-il tomb\u00e9 dans un pi\u00e8ge, serait-il la proie d\u2019un v\u00e9ritable cauchemar ? On l\u2019emp\u00eache de boire, de dormir, de se nourrir, on ne r\u00e9pond jamais \u00e0 ses questions que par d\u2019autres questions. Le personnel m\u00eame est changeant, soit affable soit mena\u00e7ant. \u00c0 mesure qu\u2019il avance dans ses d\u00e9couvertes, l\u2019Enqu\u00eateur se demande s\u2019il n\u2019est pas lui-m\u00eame la prochaine victime d\u2019une machine infernale pr\u00eate \u00e0 le broyer comme les autres. On devine ainsi que l\u2019impuissance de l\u2019Enqu\u00eateur \u00e0 clore son enqu\u00eate refl\u00e8te notre propre impuissance face au monde que nous avons construit pour mieux nous d\u00e9truire.<\/p>\n\n\n\n<p>Critique<\/p>\n\n\n\n<p>Vu le sujet (des suicides dans une grosse entreprise), je m&#8217;attendais \u00e0 un roman qui parlerait d&#8217;une certaine entreprise de t\u00e9l\u00e9communications qui a d\u00e9fray\u00e9 la chronique \u00e0 cause de la vague de suicides qui la frappait \u00e0 l&#8217;\u00e9poque. Et en fait, ce roman n&#8217;en parle quasiment pas, en tout cas pas directement.<\/p>\n\n\n\n<p>Le moins que l&#8217;on puisse dire sur ce roman, c&#8217;est qu&#8217;il est d\u00e9routant : pas de nom pour les personnages, uniquement des fonctions (l&#8217;Enqu\u00eateur, le Guide, le Policier\u2026), tout change tr\u00e8s vite (La salle de repas est pleine de monde, le h\u00e9ros va aux toilettes 5 mn et quand il revient elle est vide ; les serveurs sont infects avec lui le premier jour mais obs\u00e9quieux le lendemain), tout manque de logique et le sort s&#8217;acharne contre le h\u00e9ros (le temps, les gens, les lieux, les objets).<\/p>\n\n\n\n<p>Au final, le lecteur se retrouve en qu\u00eate de sens, comme l&#8217;Enqu\u00eateur au final. En fait, je trouve que ce roman rel\u00e8ve de l&#8217;absurde. Le personnage cherche un sens \u00e0 sa vie et se trouve confront\u00e9 \u00e0 une absence de sens\u2026 Les hommes sont d\u00e9shumanis\u00e9s, r\u00e9duits \u00e0 des fonctions, le monde est illogique, compl\u00e8tement absurde\u2026 et au final, indirectement il traite des suicides : on voit ce h\u00e9ros, priv\u00e9 de raison de vivre, qui parfois h\u00e9site \u00e0 se laisser mourir\u2026<\/p>\n\n\n\n<p>Bref ce roman se lit tr\u00e8s bien mais est d\u00e9routant. J&#8217;ai bien aim\u00e9 mais je reste un peu sur ma faim (enfin en meme temps l&#8217;absurde, il n&#8217;y a pas de d\u00e9nouement &#8220;satisfaisant&#8221; comme d&#8217;autres textes puisque justement il s&#8217;agit de montrer que la vie n&#8217;est qu&#8217;un \u00e9ternellement recommencement, sans raison de continuer chaque jour \u00e0 part un maigre espoir que quelque chose d&#8217;autre arrive).<\/p>\n","protected":false},"excerpt":{"rendered":"<p>Pr\u00e9sentation de l&#8217;\u00e9diteur \u00ab C\u2019est en ne cherchant pas que tu trouveras. \u00bb Comment l\u2019Enqu\u00eateur du nouveau roman de Philippe Claudel aurait-il pu s\u2019en douter ? Comment aurait-il imagin\u00e9 que cette enqu\u00eate&#8230;<\/p>\n","protected":false},"author":2,"featured_media":384,"comment_status":"open","ping_status":"open","sticky":false,"template":"","format":"standard","meta":{"footnotes":""},"categories":[9],"tags":[],"class_list":["post-383","post","type-post","status-publish","format-standard","has-post-thumbnail","hentry","category-autres-fictions"],"_links":{"self":[{"href":"https:\/\/feuilletsdeuphemia.fr\/index.php\/wp-json\/wp\/v2\/posts\/383","targetHints":{"allow":["GET"]}}],"collection":[{"href":"https:\/\/feuilletsdeuphemia.fr\/index.php\/wp-json\/wp\/v2\/posts"}],"about":[{"href":"https:\/\/feuilletsdeuphemia.fr\/index.php\/wp-json\/wp\/v2\/types\/post"}],"author":[{"embeddable":true,"href":"https:\/\/feuilletsdeuphemia.fr\/index.php\/wp-json\/wp\/v2\/users\/2"}],"replies":[{"embeddable":true,"href":"https:\/\/feuilletsdeuphemia.fr\/index.php\/wp-json\/wp\/v2\/comments?post=383"}],"version-history":[{"count":1,"href":"https:\/\/feuilletsdeuphemia.fr\/index.php\/wp-json\/wp\/v2\/posts\/383\/revisions"}],"predecessor-version":[{"id":385,"href":"https:\/\/feuilletsdeuphemia.fr\/index.php\/wp-json\/wp\/v2\/posts\/383\/revisions\/385"}],"wp:featuredmedia":[{"embeddable":true,"href":"https:\/\/feuilletsdeuphemia.fr\/index.php\/wp-json\/wp\/v2\/media\/384"}],"wp:attachment":[{"href":"https:\/\/feuilletsdeuphemia.fr\/index.php\/wp-json\/wp\/v2\/media?parent=383"}],"wp:term":[{"taxonomy":"category","embeddable":true,"href":"https:\/\/feuilletsdeuphemia.fr\/index.php\/wp-json\/wp\/v2\/categories?post=383"},{"taxonomy":"post_tag","embeddable":true,"href":"https:\/\/feuilletsdeuphemia.fr\/index.php\/wp-json\/wp\/v2\/tags?post=383"}],"curies":[{"name":"wp","href":"https:\/\/api.w.org\/{rel}","templated":true}]}}