{"id":374,"date":"2023-01-14T22:40:28","date_gmt":"2023-01-14T21:40:28","guid":{"rendered":"http:\/\/feuilletsdeuphemia.fr\/?p=374"},"modified":"2023-01-14T22:40:31","modified_gmt":"2023-01-14T21:40:31","slug":"ulrika-2-bloodforged-de-nathan-long","status":"publish","type":"post","link":"https:\/\/feuilletsdeuphemia.fr\/index.php\/2023\/01\/14\/ulrika-2-bloodforged-de-nathan-long\/","title":{"rendered":"Ulrika 2 &#8211; Bloodforged de Nathan Long"},"content":{"rendered":"\n<p>Pr\u00e9sentation par l&#8217;\u00e9diteur Black Library :<\/p>\n\n\n\n<p>D\u00e9fiant les si\u00e8cles de la soci\u00e9t\u00e9 Lahmianes, Ulrika se met en route pour la ville de Praag, alors assi\u00e9g\u00e9e par le Chaos, \u00e0 la recherche d&#8217;anciens amis, mais aussi de sa propre gloire\u2026 A son arriv\u00e9e, elle trouve les assaillants en d\u00e9route et les habitants de la ville sur la d\u00e9fensive. Mais les Puissances de la Ruine peuvent prendre bien des formes, et l\u00e0 o\u00f9 la force a \u00e9chou\u00e9, un culte insidieux d\u00e9di\u00e9 \u00e0 Slaanesh menace de r\u00e9ussir. Rejet\u00e9e \u00e0 la fois par ses soeurs vampires et par les humains qu&#8217;elle a jur\u00e9 de prot\u00e9ger, Ulrika cherche seule un moyen de d\u00e9jouer ce complot destructeur. D\u00e9chir\u00e9e entre la volont\u00e9 du peuple vampire et les sombres desseins des sorciers du Chaos, Ulrika peut seulement compter sur sa ruse et sur sa f\u00e9rocit\u00e9 pour triompher de cette situation inextricable.<\/p>\n\n\n\n<p>Critique :<\/p>\n\n\n\n<p>Tome deux de la s\u00e9rie des Ulrika La Vampire, on retrouve notre h\u00e9ro\u00efne peu apr\u00e8s l&#8217;action de la premi\u00e8re histoire. Le roman s&#8217;ouvre sur les cons\u00e9quences de l&#8217;enqu\u00eate pr\u00e9c\u00e9dente mais il n&#8217;est pas n\u00e9cessaire d&#8217;avoir lu le roman. Les r\u00e9f\u00e9rences me semblent suffisamment claires. Ulrika refuse de se soumettre aux r\u00e8gles des Lahmianes, les vampires qui l&#8217;ont accueillie et s&#8217;enfuit rejoindre son pass\u00e9. Mais les choses ont chang\u00e9 et rien ne va vraiment se d\u00e9rouler comme pr\u00e9vu.<\/p>\n\n\n\n<p>Comme pour le premier tome, pas besoin d&#8217;\u00eatre un inconditionnel de l&#8217;univers de Warhammer Battle pour appr\u00e9cier ce r\u00e9cit. Pas de r\u00e9f\u00e9rences obscures au point de rendre l&#8217;histoire indigeste. Pas mal de r\u00e9f\u00e9rences au pass\u00e9 de la jeune femme, aux aventures qu&#8217;elle a partag\u00e9es avec les h\u00e9ros Gotrek et Felix. La s\u00e9rie d&#8217;Ulrika est en fait une sorte de spin-off \u00e0 partir des histoires de Gotrek et F\u00e9lix et je dirai que cela donne envie de conna\u00eetre un peu mieux ces personnages l\u00e0.<\/p>\n\n\n\n<p>L&#8217;histoire est sympathique. C&#8217;est un m\u00e9lange agr\u00e9able d&#8217;aventures et d&#8217;enqu\u00eates avec son lot d&#8217;alliance, de malfrats et de trahisons. On d\u00e9couvre un peu plus l&#8217;univers de Warhammer Battle (pour ceux qui comme moi, connaissent assez peu). Un univers typique de fantasy, avec ses guerriers, ses magiciens en tout genre et ses \u00eatres surnaturels.<\/p>\n\n\n\n<p>Petit regret : l&#8217;h\u00e9ro\u00efne apprit que deux de ses amis ont disparu. Je m&#8217;attendais \u00e0 ce qu&#8217;elle courre les aider. Je me disais que l&#8217;intrigue allait revenir sur leur disparition. Et bien je suis rest\u00e9e sur ma faim. C&#8217;est dommage et en m\u00eame temps \u00e7a m&#8217;incite \u00e0 en lire davantage pour voir si ce myst\u00e8re est \u00e9clairci par la suite.<\/p>\n\n\n\n<p>On suit avec plaisir les aventures de la jeune vampire. J&#8217;ai fini par bien accroch\u00e9 au destin d&#8217;Ulrika. Le roman s&#8217;ach\u00e8ve en annon\u00e7ant le troisi\u00e8me tome et donne tr\u00e8s envie de lire la suite. Bref, rien de tr\u00e8s original mais c&#8217;est bien \u00e9crit, les pages se tournent toutes seules et je lirai bient\u00f4t la suite, je pense.<\/p>\n","protected":false},"excerpt":{"rendered":"<p>Pr\u00e9sentation par l&#8217;\u00e9diteur Black Library : D\u00e9fiant les si\u00e8cles de la soci\u00e9t\u00e9 Lahmianes, Ulrika se met en route pour la ville de Praag, alors assi\u00e9g\u00e9e par le Chaos, \u00e0 la recherche d&#8217;anciens&#8230;<\/p>\n","protected":false},"author":2,"featured_media":375,"comment_status":"open","ping_status":"open","sticky":false,"template":"","format":"standard","meta":{"footnotes":""},"categories":[6],"tags":[],"class_list":["post-374","post","type-post","status-publish","format-standard","has-post-thumbnail","hentry","category-imaginaire"],"_links":{"self":[{"href":"https:\/\/feuilletsdeuphemia.fr\/index.php\/wp-json\/wp\/v2\/posts\/374","targetHints":{"allow":["GET"]}}],"collection":[{"href":"https:\/\/feuilletsdeuphemia.fr\/index.php\/wp-json\/wp\/v2\/posts"}],"about":[{"href":"https:\/\/feuilletsdeuphemia.fr\/index.php\/wp-json\/wp\/v2\/types\/post"}],"author":[{"embeddable":true,"href":"https:\/\/feuilletsdeuphemia.fr\/index.php\/wp-json\/wp\/v2\/users\/2"}],"replies":[{"embeddable":true,"href":"https:\/\/feuilletsdeuphemia.fr\/index.php\/wp-json\/wp\/v2\/comments?post=374"}],"version-history":[{"count":1,"href":"https:\/\/feuilletsdeuphemia.fr\/index.php\/wp-json\/wp\/v2\/posts\/374\/revisions"}],"predecessor-version":[{"id":376,"href":"https:\/\/feuilletsdeuphemia.fr\/index.php\/wp-json\/wp\/v2\/posts\/374\/revisions\/376"}],"wp:featuredmedia":[{"embeddable":true,"href":"https:\/\/feuilletsdeuphemia.fr\/index.php\/wp-json\/wp\/v2\/media\/375"}],"wp:attachment":[{"href":"https:\/\/feuilletsdeuphemia.fr\/index.php\/wp-json\/wp\/v2\/media?parent=374"}],"wp:term":[{"taxonomy":"category","embeddable":true,"href":"https:\/\/feuilletsdeuphemia.fr\/index.php\/wp-json\/wp\/v2\/categories?post=374"},{"taxonomy":"post_tag","embeddable":true,"href":"https:\/\/feuilletsdeuphemia.fr\/index.php\/wp-json\/wp\/v2\/tags?post=374"}],"curies":[{"name":"wp","href":"https:\/\/api.w.org\/{rel}","templated":true}]}}