{"id":353,"date":"2023-01-14T22:19:46","date_gmt":"2023-01-14T21:19:46","guid":{"rendered":"http:\/\/feuilletsdeuphemia.fr\/?p=353"},"modified":"2023-01-14T22:19:49","modified_gmt":"2023-01-14T21:19:49","slug":"la-tentation-de-la-pseudo-reciproque-4-labominable-canard-des-neiges-de-kylie-ravera","status":"publish","type":"post","link":"https:\/\/feuilletsdeuphemia.fr\/index.php\/2023\/01\/14\/la-tentation-de-la-pseudo-reciproque-4-labominable-canard-des-neiges-de-kylie-ravera\/","title":{"rendered":"La Tentation de la Pseudo R\u00e9ciproque 4 &#8211; L&#8217;Abominable Canard des neiges de Kylie Ravera"},"content":{"rendered":"\n<p>Pr\u00e9sentation par l&#8217;auteur :<\/p>\n\n\n\n<p>Une nouvelle ann\u00e9e scolaire d\u00e9bute \u00e0 l\u2019OUEST, avec ses rituels et ses traditions qui se perp\u00e9tuent depuis des temps imm\u00e9moriaux. Les b\u00eatas sont les rois du campus : \u00e0 la direction des clubs qui g\u00e8rent les nombreuses animations, ils initient les premi\u00e8res ann\u00e9es aux doux plaisirs qui accompagnent l\u2019int\u00e9gration dans une \u00e9cole d\u2019ing\u00e9nieurs. Mais la pr\u00e9sence parmi les \u00e9l\u00e8ves de l\u2019h\u00e9ritier des Constructions Kanard-Desneiges n\u2019est pas sans impact sur la tranquillit\u00e9 du campus. Elle donnera \u00e0 Peter une nouvelle occasion de croiser le chemin de la myst\u00e9rieuse et s\u00e9duisante d\u00e9tective Marolex\u2026<\/p>\n\n\n\n<p>Voici donc le tome IV de la saga de Kylie Ravera, La Tentation de la Pseudo-R\u00e9ciproque. On retrouve notre h\u00e9ros, Peter Agor, dans son \u00e9cole de t\u00e9l\u00e9communications en Bretagne pour une deuxi\u00e8me ann\u00e9e d&#8217;\u00e9tudes \u00e0 l&#8217;OUEST, \u00e9tablissement avec lequel le lecteur s&#8217;\u00e9tait familiaris\u00e9 dans le tome pr\u00e9c\u00e9dent (Carr\u00e9ment \u00e0 l&#8217;OUEST, chroniqu\u00e9 ici). On retrouve un certain nombre de visages connus, enfin de personnages qu&#8217;on a d\u00e9j\u00e0 crois\u00e9s.<\/p>\n\n\n\n<p>On retrouve l&#8217;ambiance et le petit monde de l&#8217;OUEST du tome pr\u00e9c\u00e9dent. Toujours aussi bien d\u00e9velopp\u00e9. Et limite, je crains d\u00e9j\u00e0 la troisi\u00e8me et derni\u00e8re ann\u00e9e de Peter car cela sera la derni\u00e8re dans ce cadre.<\/p>\n\n\n\n<p>On retrouve un bon gros complot comme Kylie semble les affectionner mais cette fois, c&#8217;est pas un complot d&#8217;amateurs ou d&#8217;\u00e9tudiants. C&#8217;est du lourd.<\/p>\n\n\n\n<p>Les points forts de ce roman sont toujours les m\u00eames : l&#8217;\u00e9criture, l&#8217;humour, la fluidit\u00e9 du style.<\/p>\n\n\n\n<p>Cela dit, j&#8217;ai deux petits b\u00e9mols :<\/p>\n\n\n\n<ul class=\"wp-block-list\">\n<li>j&#8217;ai moins aim\u00e9 l&#8217;intrigue<\/li>\n\n\n\n<li>j&#8217;ai \u00e9tal\u00e9 ma lecture de la saga et je ne me rappelais plus de tous les d\u00e9tails. Donc certaines r\u00e9f\u00e9rences, certains rappels ont \u00e9t\u00e9 perdus pour moi.<\/li>\n<\/ul>\n\n\n\n<p>Donc, pour moi un bon tome (juste un peu plus plat que les autres \u00e0 mon go\u00fbt) mais \u00e7a reste un bon roman, hein ? Une fin pour le moins inattendue et (comme d&#8217;hab), des questions nous obligent \u00e0 nous jeter sur le tome suivant\u2026<\/p>\n","protected":false},"excerpt":{"rendered":"<p>Pr\u00e9sentation par l&#8217;auteur : Une nouvelle ann\u00e9e scolaire d\u00e9bute \u00e0 l\u2019OUEST, avec ses rituels et ses traditions qui se perp\u00e9tuent depuis des temps imm\u00e9moriaux. Les b\u00eatas sont les rois du campus :&#8230;<\/p>\n","protected":false},"author":2,"featured_media":354,"comment_status":"open","ping_status":"open","sticky":false,"template":"","format":"standard","meta":{"footnotes":""},"categories":[9],"tags":[],"class_list":["post-353","post","type-post","status-publish","format-standard","has-post-thumbnail","hentry","category-autres-fictions"],"_links":{"self":[{"href":"https:\/\/feuilletsdeuphemia.fr\/index.php\/wp-json\/wp\/v2\/posts\/353","targetHints":{"allow":["GET"]}}],"collection":[{"href":"https:\/\/feuilletsdeuphemia.fr\/index.php\/wp-json\/wp\/v2\/posts"}],"about":[{"href":"https:\/\/feuilletsdeuphemia.fr\/index.php\/wp-json\/wp\/v2\/types\/post"}],"author":[{"embeddable":true,"href":"https:\/\/feuilletsdeuphemia.fr\/index.php\/wp-json\/wp\/v2\/users\/2"}],"replies":[{"embeddable":true,"href":"https:\/\/feuilletsdeuphemia.fr\/index.php\/wp-json\/wp\/v2\/comments?post=353"}],"version-history":[{"count":1,"href":"https:\/\/feuilletsdeuphemia.fr\/index.php\/wp-json\/wp\/v2\/posts\/353\/revisions"}],"predecessor-version":[{"id":355,"href":"https:\/\/feuilletsdeuphemia.fr\/index.php\/wp-json\/wp\/v2\/posts\/353\/revisions\/355"}],"wp:featuredmedia":[{"embeddable":true,"href":"https:\/\/feuilletsdeuphemia.fr\/index.php\/wp-json\/wp\/v2\/media\/354"}],"wp:attachment":[{"href":"https:\/\/feuilletsdeuphemia.fr\/index.php\/wp-json\/wp\/v2\/media?parent=353"}],"wp:term":[{"taxonomy":"category","embeddable":true,"href":"https:\/\/feuilletsdeuphemia.fr\/index.php\/wp-json\/wp\/v2\/categories?post=353"},{"taxonomy":"post_tag","embeddable":true,"href":"https:\/\/feuilletsdeuphemia.fr\/index.php\/wp-json\/wp\/v2\/tags?post=353"}],"curies":[{"name":"wp","href":"https:\/\/api.w.org\/{rel}","templated":true}]}}