{"id":344,"date":"2023-01-14T22:11:42","date_gmt":"2023-01-14T21:11:42","guid":{"rendered":"http:\/\/feuilletsdeuphemia.fr\/?p=344"},"modified":"2023-01-14T22:11:45","modified_gmt":"2023-01-14T21:11:45","slug":"un-cantique-pour-leibowitz-de-walter-m-miller","status":"publish","type":"post","link":"https:\/\/feuilletsdeuphemia.fr\/index.php\/2023\/01\/14\/un-cantique-pour-leibowitz-de-walter-m-miller\/","title":{"rendered":"Un Cantique pour Leibowitz de Walter M. Miller"},"content":{"rendered":"\n<p>J\u2019ai d\u00e9couvert ce roman dans le cadre de la lecture du mois d\u2019octobre du Cercle d\u2019Atuan. Un roman tr\u00e8s int\u00e9ressant, avec peu d\u2019action mais beaucoup de r\u00e9flexion et qui n\u2019est pas sans rappeler par de nombreux aspects son pr\u00e9d\u00e9cesseur Fondation d\u2019Isaac Asimov.<\/p>\n\n\n\n<p>R\u00e9sum\u00e9 :<\/p>\n\n\n\n<p>Nous sommes au d\u00e9but du XXIe si\u00e8cle. Le monde est en ruine, d\u00e9vast\u00e9 par le fl\u00e9au Retomb\u00e9es, qui tue et cause la naissance d\u2019enfants difformes. Parmi les d\u00e9combres, il y a un ordre religieux, l\u2019Ordre Albertien de Leibowitz, qui rassemble et prot\u00e8ge les livres d\u2019avant la catastrophe en esp\u00e9rant red\u00e9couvrir la science d\u2019avant et la mettre \u00e0 profit.<\/p>\n\n\n\n<p>Critique : Ce texte rel\u00e8ve de la science-fiction post-apocalyptique, genre dont je ne raffole pourtant pas mais ce roman a un charme qui me pousse \u00e0 le lire malgr\u00e9 ma premi\u00e8re r\u00e9ticence.<\/p>\n\n\n\n<p>C\u00f4t\u00e9 construction du roman, il est compos\u00e9 de trois parties, qui sont chacune une nouvelle version d\u2019une nouvelle publi\u00e9e de mani\u00e8re ind\u00e9pendante dans les ann\u00e9es 50. Premier point commun avec Fondation. R\u00e9sultat, les personnages alternent et il n\u2019y pas de personnage principal, mis \u00e0 part peut \u00eatre ce fameux saint Leibowitz ainsi qu\u2019un personnage assez myst\u00e9rieux du nom de Benjamin qu\u2019on croise dans chacune des parties.<\/p>\n\n\n\n<p>C\u00f4t\u00e9 intrigue, une civilisation a fait place au chaos \u00e0 cause de conflits internationaux et qui ont donn\u00e9 lieu \u00e0 l\u2019usage de l\u2019arme atomique. Vu l\u2019usage que les hommes ont fait de la science, les survivants d\u00e9cident d\u2019instaurer la Simplification, grande op\u00e9ration de nettoyage afin d\u2019effacer tout le savoir accumul\u00e9. Mais cet ordre religieux tente de sauvegarder ce savoir en esp\u00e9rant l\u2019offrir \u00e0 l\u2019humanit\u00e9, quand elle sera pr\u00eate \u00e0 en faire bon usage. Cette intrigue me semble aussi tr\u00e8s proche de Fondation qui s\u2019ouvre sur l\u2019\u00e9clatement de l\u2019Empire et la r\u00e9sistance des scientifiques afin de limiter la dur\u00e9e de l\u2019\u00e2ge des t\u00e9n\u00e8bres qui s\u2019ensuit.<\/p>\n\n\n\n<p>Quelle originalit\u00e9 alors pour ce roman ?<\/p>\n\n\n\n<p>D\u00e9j\u00e0 son ambiance. On commence par une pr\u00e9sentation assez optimiste lors de la d\u00e9couverte d\u2019une relique de Saint Leibowitz mais l\u2019ordre devra faire face au fait que la guerre n\u2019est pas le fait de la science, mais des hommes. Donc une ambiance beaucoup plus lourde par la suite, hant\u00e9e par le cauchemar de l\u2019arme atomique et du questionnement \u00ab comment peut-on accepter d\u2019utiliser cette arme quand on en conna\u00eet l\u2019effet ? \u00bb.<\/p>\n\n\n\n<p>Autre originalit\u00e9 : sa forte dimension religieuse. L\u2019histoire de chaque partie se concentre autour de personnages qui font partie de l\u2019Ordre Albertien de Leibowitz. On suit souvent les r\u00e9flexions de l\u2019abb\u00e9 du cet ordre, ses tiraillements moraux et ses doutes et cette dimension justifie certaines prises de position de l\u2019abb\u00e9 (notamment contre l\u2019euthanasie). Le probl\u00e8me \u00e0 mes yeux, c\u2019est que tout le monde ne se reconna\u00eet pas forcement dans cette vision religieuse et surtout que l\u2019auteur a utilis\u00e9 de nombreuses citations latines ou carr\u00e9ment des passages, des dialogues en latin qui sont un peu perdus quand on a un latin aussi rouill\u00e9 que le mien.<\/p>\n\n\n\n<p>Globalement j\u2019ai aim\u00e9 ce roman mais j\u2019ai finalement trouv\u00e9 Fondation plus percutant (et \u00e0 cause de la th\u00e9matique et des positions des personnages je ne peux m\u2019emp\u00eacher de comparer les deux). Un bon roman, parfois long, mais je ne regrette pas ma lecture.<\/p>\n","protected":false},"excerpt":{"rendered":"<p>J\u2019ai d\u00e9couvert ce roman dans le cadre de la lecture du mois d\u2019octobre du Cercle d\u2019Atuan. Un roman tr\u00e8s int\u00e9ressant, avec peu d\u2019action mais beaucoup de r\u00e9flexion et qui n\u2019est pas sans&#8230;<\/p>\n","protected":false},"author":2,"featured_media":345,"comment_status":"open","ping_status":"open","sticky":false,"template":"","format":"standard","meta":{"footnotes":""},"categories":[6],"tags":[],"class_list":["post-344","post","type-post","status-publish","format-standard","has-post-thumbnail","hentry","category-imaginaire"],"_links":{"self":[{"href":"https:\/\/feuilletsdeuphemia.fr\/index.php\/wp-json\/wp\/v2\/posts\/344","targetHints":{"allow":["GET"]}}],"collection":[{"href":"https:\/\/feuilletsdeuphemia.fr\/index.php\/wp-json\/wp\/v2\/posts"}],"about":[{"href":"https:\/\/feuilletsdeuphemia.fr\/index.php\/wp-json\/wp\/v2\/types\/post"}],"author":[{"embeddable":true,"href":"https:\/\/feuilletsdeuphemia.fr\/index.php\/wp-json\/wp\/v2\/users\/2"}],"replies":[{"embeddable":true,"href":"https:\/\/feuilletsdeuphemia.fr\/index.php\/wp-json\/wp\/v2\/comments?post=344"}],"version-history":[{"count":1,"href":"https:\/\/feuilletsdeuphemia.fr\/index.php\/wp-json\/wp\/v2\/posts\/344\/revisions"}],"predecessor-version":[{"id":346,"href":"https:\/\/feuilletsdeuphemia.fr\/index.php\/wp-json\/wp\/v2\/posts\/344\/revisions\/346"}],"wp:featuredmedia":[{"embeddable":true,"href":"https:\/\/feuilletsdeuphemia.fr\/index.php\/wp-json\/wp\/v2\/media\/345"}],"wp:attachment":[{"href":"https:\/\/feuilletsdeuphemia.fr\/index.php\/wp-json\/wp\/v2\/media?parent=344"}],"wp:term":[{"taxonomy":"category","embeddable":true,"href":"https:\/\/feuilletsdeuphemia.fr\/index.php\/wp-json\/wp\/v2\/categories?post=344"},{"taxonomy":"post_tag","embeddable":true,"href":"https:\/\/feuilletsdeuphemia.fr\/index.php\/wp-json\/wp\/v2\/tags?post=344"}],"curies":[{"name":"wp","href":"https:\/\/api.w.org\/{rel}","templated":true}]}}