{"id":325,"date":"2023-01-14T22:00:02","date_gmt":"2023-01-14T21:00:02","guid":{"rendered":"http:\/\/feuilletsdeuphemia.fr\/?p=325"},"modified":"2023-01-14T22:00:06","modified_gmt":"2023-01-14T21:00:06","slug":"les-dits-du-midgardr-1-saga-de-manuel-essard","status":"publish","type":"post","link":"https:\/\/feuilletsdeuphemia.fr\/index.php\/2023\/01\/14\/les-dits-du-midgardr-1-saga-de-manuel-essard\/","title":{"rendered":"Les Dits du Midgardr 1 &#8211; Saga de Manuel Essard"},"content":{"rendered":"\n<p>R\u00e9sum\u00e9<\/p>\n\n\n\n<p>\u00ab Il fut un temps o\u00f9 les Dieux de l\u2019\u00c1sgardr vivaient et marchaient sur la terre des hommes que l\u2019on nommait le Midgardr. (\u2026) Mais dans leur myst\u00e9rieuse disparition, les Dieux emport\u00e8rent avec eux un morceau du Midgardr. Ce n\u2019\u00e9tait plus vraiment notre terre, sans en \u00eatre tout \u00e0 fait une autre. Le ciel \u00e9tait continuellement gris et bas, le soleil voil\u00e9, et l\u2019hiver r\u00e9gnait en ma\u00eetre d\u2019un bout \u00e0 l\u2019autre de l\u2019ann\u00e9e. \u00bb<\/p>\n\n\n\n<p>Le d\u00e9but d\u2019une fabuleuse saga nordique nous est cont\u00e9e dans ce livre. Manuel Essard, ancien auteur du Fleuve Noir, r\u00e9compens\u00e9 d\u2019un prix du Public, revient enfin \u00e0 la litt\u00e9rature de l\u2019imaginaire.<\/p>\n\n\n\n<p>Critique<\/p>\n\n\n\n<p>Ce livre est le premier volet d\u2019une plus longue histoire, les Dits de Midgardr par Manuel Essard. D\u00e9ja j\u2019ai commenc\u00e9 ma lecture par un malentendu. Le titre n\u2019est pas (une) saga (et donc je m\u2019attendais \u00e0 un r\u00e9cit complet, j\u2019avoue je n\u2019avais lu le r\u00e9sum\u00e9 que rapidement et je m\u2019\u00e9tais fi\u00e9e \u00e0 la couverture qui me plaisait bien) mais S\u00e0ga. C\u2019est le nom de l\u2019h\u00e9ro\u00efne, une jeune femme qui s\u2019est enfuie de son village qui a \u00e9t\u00e9 attaqu\u00e9 par des g\u00e9ants sanguinaires mais son apparente mission (demander du renfort) en cache une autre\u2026<\/p>\n\n\n\n<p>Ce r\u00e9cit est riche en \u00e9l\u00e9ments de la mythologie nordique. J\u2019ai d\u2019ailleurs beaucoup appr\u00e9ci\u00e9 la bibliographie indicative donn\u00e9e au d\u00e9but ainsi qu\u2019une discographie qui permet de donner une ambiance sonore \u00e0 cet univers.<\/p>\n\n\n\n<p>J\u2019ai aussi aim\u00e9 l\u2019utilisation de termes nordiques. Cela d\u00e9stabilise un peu, surtout que l\u2019auteur d\u00e9cide de suivre la graphie des dictionnaires des sp\u00e9cialistes (Valholl par exemple alors que nous sommes plus habitu\u00e9s au terme Valhalla). L\u2019auteur a aussi fourni un lexique pour faire le point sur les termes. Malheureusement, ce genre d\u2019annexes n\u2019est pas facilement consultable quand on lit sur une liseuse.<\/p>\n\n\n\n<p>Cela dit, ces termes nordiques donnent une certaine couleur locale au r\u00e9cit qui nous d\u00e9payse tout en ancrant un peu plus le r\u00e9cit dans cet univers.<\/p>\n\n\n\n<p>Ce r\u00e9cit est assez court mais pose bien les bases de cette histoire nordique : les personnages mais aussi un peu le contexte, l\u2019organisation de la soci\u00e9t\u00e9 ainsi que les croyances religieuses.<\/p>\n\n\n\n<p>Cot\u00e9 intrigue, je l\u2019ai trouv\u00e9 assez efficace. On suit une jeune femme qui a l\u2019air bien fragile, assez renferm\u00e9e, avec ses petits secrets. C\u2019est agr\u00e9able aussi de voir un personnage f\u00e9minin loin des st\u00e9r\u00e9otypes de fantasy, surtout physiquement. J\u2019avoue que ce premier tome me donne envie de lire la suite (enfin quand elle sera sortie)<\/p>\n","protected":false},"excerpt":{"rendered":"<p>R\u00e9sum\u00e9 \u00ab Il fut un temps o\u00f9 les Dieux de l\u2019\u00c1sgardr vivaient et marchaient sur la terre des hommes que l\u2019on nommait le Midgardr. (\u2026) Mais dans leur myst\u00e9rieuse disparition, les Dieux&#8230;<\/p>\n","protected":false},"author":2,"featured_media":326,"comment_status":"open","ping_status":"open","sticky":false,"template":"","format":"standard","meta":{"footnotes":""},"categories":[6],"tags":[],"class_list":["post-325","post","type-post","status-publish","format-standard","has-post-thumbnail","hentry","category-imaginaire"],"_links":{"self":[{"href":"https:\/\/feuilletsdeuphemia.fr\/index.php\/wp-json\/wp\/v2\/posts\/325","targetHints":{"allow":["GET"]}}],"collection":[{"href":"https:\/\/feuilletsdeuphemia.fr\/index.php\/wp-json\/wp\/v2\/posts"}],"about":[{"href":"https:\/\/feuilletsdeuphemia.fr\/index.php\/wp-json\/wp\/v2\/types\/post"}],"author":[{"embeddable":true,"href":"https:\/\/feuilletsdeuphemia.fr\/index.php\/wp-json\/wp\/v2\/users\/2"}],"replies":[{"embeddable":true,"href":"https:\/\/feuilletsdeuphemia.fr\/index.php\/wp-json\/wp\/v2\/comments?post=325"}],"version-history":[{"count":1,"href":"https:\/\/feuilletsdeuphemia.fr\/index.php\/wp-json\/wp\/v2\/posts\/325\/revisions"}],"predecessor-version":[{"id":327,"href":"https:\/\/feuilletsdeuphemia.fr\/index.php\/wp-json\/wp\/v2\/posts\/325\/revisions\/327"}],"wp:featuredmedia":[{"embeddable":true,"href":"https:\/\/feuilletsdeuphemia.fr\/index.php\/wp-json\/wp\/v2\/media\/326"}],"wp:attachment":[{"href":"https:\/\/feuilletsdeuphemia.fr\/index.php\/wp-json\/wp\/v2\/media?parent=325"}],"wp:term":[{"taxonomy":"category","embeddable":true,"href":"https:\/\/feuilletsdeuphemia.fr\/index.php\/wp-json\/wp\/v2\/categories?post=325"},{"taxonomy":"post_tag","embeddable":true,"href":"https:\/\/feuilletsdeuphemia.fr\/index.php\/wp-json\/wp\/v2\/tags?post=325"}],"curies":[{"name":"wp","href":"https:\/\/api.w.org\/{rel}","templated":true}]}}