{"id":289,"date":"2023-01-14T20:22:05","date_gmt":"2023-01-14T19:22:05","guid":{"rendered":"http:\/\/feuilletsdeuphemia.fr\/?p=289"},"modified":"2023-01-14T20:22:09","modified_gmt":"2023-01-14T19:22:09","slug":"terremer-2-les-tombeaux-datuan-dursula-le-guin","status":"publish","type":"post","link":"https:\/\/feuilletsdeuphemia.fr\/index.php\/2023\/01\/14\/terremer-2-les-tombeaux-datuan-dursula-le-guin\/","title":{"rendered":"Terremer 2 &#8211; Les Tombeaux d&#8217;Atuan d&#8217;Ursula Le Guin"},"content":{"rendered":"\n<p>R\u00e9sum\u00e9<\/p>\n\n\n\n<p>A l&#8217;\u00e2ge de cinq ans, Tenar est enlev\u00e9e \u00e0 sa famille pour accomplir sa destin\u00e9e : devenir la grande pr\u00eatresse des Innommables. En effet, d\u00e8s que la pr\u00eatresse meurt, les membres de sa confr\u00e9rie sont persuad\u00e9s qu&#8217;elle se r\u00e9incarne. L&#8217;enfant sera alors enlev\u00e9e \u00e0 sa famille et subira une initiation assez difficile pour devenir Arha la D\u00e9vor\u00e9e, la grande pr\u00eatresse\u2026<\/p>\n\n\n\n<p>Critique<\/p>\n\n\n\n<p>Deuxi\u00e8me roman du cycle de Terremer, ce tome nous emm\u00e8ne loin des \u00eeles parcourues par Ged dans le premier opus. Mais on est pas si loin que cela mais j&#8217;approfondirais ce point plus tard.<\/p>\n\n\n\n<p>Le d\u00e9but du roman nous montre la jeunesse de la petite fille. Elle est un \u00eatre \u00e0 part puisqu&#8217;elle est destin\u00e9e \u00e0 devenir la grande pr\u00eatresse des Innommables. Puis elle prend officiellement ses fonctions et d\u00e9couvre peu \u00e0 peu son office et son territoire : les tombeaux o\u00f9 errent les Innommables, avec leurs sacrifices et leurs tr\u00e9sors.<\/p>\n\n\n\n<p>L&#8217;ambiance de cette premi\u00e8re partie est assez sombre : l&#8217;enfant doit respecter les principes d&#8217;une religion assez cruelle, qui exige des sacrifices. L&#8217;une des tutrices de la jeune fille la pousse d&#8217;ailleurs \u00e0 faire preuve d&#8217;imagination dans la mani\u00e8re dont elle ordonne les sacrifices. Bref, c&#8217;est quand m\u00eame lourd comme atmosph\u00e8re.<\/p>\n\n\n\n<p>Et puis il se passe quelque chose qui fait changer le r\u00e9cit d&#8217;orientation ou tout du moins qui pousse la jeune fille \u00e0 changer d&#8217;attitude : un voleur a \u00e9t\u00e9 pris dans les tombeaux. Elle seule peut intervenir car elle est la seule \u00e0 \u00eatre autoris\u00e9e dans ces lieux.<\/p>\n\n\n\n<p>Comme dans le premier tome, le rythme est rapide. J&#8217;ai trouv\u00e9 le personnage d&#8217;Arha \/ Tenar assez peu sympathique au d\u00e9part mais c&#8217;est son \u00e9volution qui fait tout l&#8217;int\u00e9r\u00eat du roman (comme dans le premier d&#8217;ailleurs o\u00f9 Ged n&#8217;\u00e9tait pas particuli\u00e8rement attachant au d\u00e9part).<\/p>\n\n\n\n<p>J&#8217;ai appr\u00e9ci\u00e9 retrouver un des personnages rencontr\u00e9s pr\u00e9c\u00e9demment. Cela permet de donner une certaine coh\u00e9sion \u00e0 l&#8217;ensemble, je trouve.<\/p>\n\n\n\n<p>Au final, un r\u00e9cit dont l&#8217;int\u00e9r\u00eat va croisant, avec une \u00e9criture assez po\u00e9tique.<\/p>\n","protected":false},"excerpt":{"rendered":"<p>R\u00e9sum\u00e9 A l&#8217;\u00e2ge de cinq ans, Tenar est enlev\u00e9e \u00e0 sa famille pour accomplir sa destin\u00e9e : devenir la grande pr\u00eatresse des Innommables. En effet, d\u00e8s que la pr\u00eatresse meurt, les membres&#8230;<\/p>\n","protected":false},"author":2,"featured_media":290,"comment_status":"open","ping_status":"open","sticky":false,"template":"","format":"standard","meta":{"footnotes":""},"categories":[6],"tags":[],"class_list":["post-289","post","type-post","status-publish","format-standard","has-post-thumbnail","hentry","category-imaginaire"],"_links":{"self":[{"href":"https:\/\/feuilletsdeuphemia.fr\/index.php\/wp-json\/wp\/v2\/posts\/289","targetHints":{"allow":["GET"]}}],"collection":[{"href":"https:\/\/feuilletsdeuphemia.fr\/index.php\/wp-json\/wp\/v2\/posts"}],"about":[{"href":"https:\/\/feuilletsdeuphemia.fr\/index.php\/wp-json\/wp\/v2\/types\/post"}],"author":[{"embeddable":true,"href":"https:\/\/feuilletsdeuphemia.fr\/index.php\/wp-json\/wp\/v2\/users\/2"}],"replies":[{"embeddable":true,"href":"https:\/\/feuilletsdeuphemia.fr\/index.php\/wp-json\/wp\/v2\/comments?post=289"}],"version-history":[{"count":1,"href":"https:\/\/feuilletsdeuphemia.fr\/index.php\/wp-json\/wp\/v2\/posts\/289\/revisions"}],"predecessor-version":[{"id":291,"href":"https:\/\/feuilletsdeuphemia.fr\/index.php\/wp-json\/wp\/v2\/posts\/289\/revisions\/291"}],"wp:featuredmedia":[{"embeddable":true,"href":"https:\/\/feuilletsdeuphemia.fr\/index.php\/wp-json\/wp\/v2\/media\/290"}],"wp:attachment":[{"href":"https:\/\/feuilletsdeuphemia.fr\/index.php\/wp-json\/wp\/v2\/media?parent=289"}],"wp:term":[{"taxonomy":"category","embeddable":true,"href":"https:\/\/feuilletsdeuphemia.fr\/index.php\/wp-json\/wp\/v2\/categories?post=289"},{"taxonomy":"post_tag","embeddable":true,"href":"https:\/\/feuilletsdeuphemia.fr\/index.php\/wp-json\/wp\/v2\/tags?post=289"}],"curies":[{"name":"wp","href":"https:\/\/api.w.org\/{rel}","templated":true}]}}