{"id":283,"date":"2023-01-14T20:13:19","date_gmt":"2023-01-14T19:13:19","guid":{"rendered":"http:\/\/feuilletsdeuphemia.fr\/?p=283"},"modified":"2023-01-14T20:13:23","modified_gmt":"2023-01-14T19:13:23","slug":"les-lavandieres-de-broceliande-dedouard-brasey","status":"publish","type":"post","link":"https:\/\/feuilletsdeuphemia.fr\/index.php\/2023\/01\/14\/les-lavandieres-de-broceliande-dedouard-brasey\/","title":{"rendered":"Les Lavandi\u00e8res de Broc\u00e9liande d&#8217;Edouard Brasey"},"content":{"rendered":"\n<p>R\u00e9sum\u00e9 :<\/p>\n\n\n\n<p>Toussaint 1943. Gwenn, une jeune orpheline, d\u00e9couvre l&#8217;une de ses cons\u0153urs, lavandi\u00e8re, noy\u00e9e dans le lavoir de Concoret, un petit village en lisi\u00e8re de la for\u00eat de Broc\u00e9liande. Dahud, doyenne et m\u00e8re de la victime, incrimine les lavandi\u00e8res de la nuit, ces cr\u00e9atures surnaturelles qui, d\u2019apr\u00e8s les l\u00e9gendes bretonnes, lavent les linges ensanglant\u00e9s de leurs enfants mort-n\u00e9s. Les soup\u00e7ons se portent bient\u00f4t sur deux suspects bien r\u00e9els : Philippe de Montfort, un jeune noble \u00e0 qui l&#8217;on pr\u00eate une liaison avec la d\u00e9funte, et Lo\u00efc, un charbonnier bossu m\u00e9pris\u00e9 de tous. Les deux hommes inspirent \u00e0 Gwenn des sentiments contradictoires. Amiti\u00e9, admiration, piti\u00e9, amour ? Quand Lo\u00efc est pourchass\u00e9 par les SS qui l&#8217;accusent de terrorisme, Gwenn le conduit au Val-sans-Retour o\u00f9 se sont r\u00e9unis de jeunes r\u00e9sistants r\u00e9fractaires au STO. Mais la mal\u00e9diction continue de poursuivre les lavandi\u00e8res de Broc\u00e9liande\u2026<\/p>\n\n\n\n<p>Critique :<\/p>\n\n\n\n<p>A la lecture du r\u00e9sum\u00e9, je m&#8217;attendais \u00e0 un m\u00e9lange entre roman policier (un crime a \u00e9t\u00e9 commis) et un r\u00e9cit fantastique avec un apport de l\u00e9gendes bretonnes. Cette impression avait \u00e9t\u00e9 confirm\u00e9e (pour sa seconde partie) par ce que je savais de l&#8217;auteur. Et bien, pas du tout, \u00e7a se rapproche plus d&#8217;une saga familiale (plus ou moins). On suit surtout un moment d\u00e9cisif de la vie de Gwenn mais aussi de ses contemporains, moment d\u00e9cisif dont l&#8217;origine se trouve dans le pass\u00e9.<\/p>\n\n\n\n<p>On sent que l&#8217;auteur aime et conna\u00eet bien son sujet : aussi bien la Bretagne que les l\u00e9gendes celtiques \/ arthuriennes comme le prouvent la pr\u00e9sence de mots locaux (&#8220;\u00e9pilles&#8221; pour &#8220;\u00e9pingles&#8221; par exemple), la section &#8220;sources et remerciements&#8221; (qui permet de faire le tri entre le r\u00e9el et le fictionnel en ce qui concerne la Bretagne et la seconde guerre mondiale) ou encore la bibliographie. Donc le voyage de ce c\u00f4t\u00e9 l\u00e0 est r\u00e9ussi.<\/p>\n\n\n\n<p>L&#8217;intrigue est agr\u00e9able. Il est dommage au final que le r\u00e9sum\u00e9 en dise autant (puisque la noyade n&#8217;a lieu qu&#8217;\u00e0 la fin de la premi\u00e8re partie) mais la lecture de ces 100 premi\u00e8res pages (sur un total de 567 quand m\u00eame) n&#8217;est pas lassante car l&#8217;auteur sait nous int\u00e9resser \u00e0 ses personnages.<\/p>\n\n\n\n<p>Bref une lecture plaisante et enrichissante c\u00f4t\u00e9 folklore breton.<\/p>\n","protected":false},"excerpt":{"rendered":"<p>R\u00e9sum\u00e9 : Toussaint 1943. Gwenn, une jeune orpheline, d\u00e9couvre l&#8217;une de ses cons\u0153urs, lavandi\u00e8re, noy\u00e9e dans le lavoir de Concoret, un petit village en lisi\u00e8re de la for\u00eat de Broc\u00e9liande. Dahud, doyenne&#8230;<\/p>\n","protected":false},"author":2,"featured_media":284,"comment_status":"open","ping_status":"open","sticky":false,"template":"","format":"standard","meta":{"footnotes":""},"categories":[9],"tags":[],"class_list":["post-283","post","type-post","status-publish","format-standard","has-post-thumbnail","hentry","category-autres-fictions"],"_links":{"self":[{"href":"https:\/\/feuilletsdeuphemia.fr\/index.php\/wp-json\/wp\/v2\/posts\/283","targetHints":{"allow":["GET"]}}],"collection":[{"href":"https:\/\/feuilletsdeuphemia.fr\/index.php\/wp-json\/wp\/v2\/posts"}],"about":[{"href":"https:\/\/feuilletsdeuphemia.fr\/index.php\/wp-json\/wp\/v2\/types\/post"}],"author":[{"embeddable":true,"href":"https:\/\/feuilletsdeuphemia.fr\/index.php\/wp-json\/wp\/v2\/users\/2"}],"replies":[{"embeddable":true,"href":"https:\/\/feuilletsdeuphemia.fr\/index.php\/wp-json\/wp\/v2\/comments?post=283"}],"version-history":[{"count":1,"href":"https:\/\/feuilletsdeuphemia.fr\/index.php\/wp-json\/wp\/v2\/posts\/283\/revisions"}],"predecessor-version":[{"id":285,"href":"https:\/\/feuilletsdeuphemia.fr\/index.php\/wp-json\/wp\/v2\/posts\/283\/revisions\/285"}],"wp:featuredmedia":[{"embeddable":true,"href":"https:\/\/feuilletsdeuphemia.fr\/index.php\/wp-json\/wp\/v2\/media\/284"}],"wp:attachment":[{"href":"https:\/\/feuilletsdeuphemia.fr\/index.php\/wp-json\/wp\/v2\/media?parent=283"}],"wp:term":[{"taxonomy":"category","embeddable":true,"href":"https:\/\/feuilletsdeuphemia.fr\/index.php\/wp-json\/wp\/v2\/categories?post=283"},{"taxonomy":"post_tag","embeddable":true,"href":"https:\/\/feuilletsdeuphemia.fr\/index.php\/wp-json\/wp\/v2\/tags?post=283"}],"curies":[{"name":"wp","href":"https:\/\/api.w.org\/{rel}","templated":true}]}}