{"id":276,"date":"2023-01-08T19:07:54","date_gmt":"2023-01-08T18:07:54","guid":{"rendered":"http:\/\/feuilletsdeuphemia.fr\/?p=276"},"modified":"2023-01-08T19:07:57","modified_gmt":"2023-01-08T18:07:57","slug":"chevaliers-demeraude-1-le-feu-dans-le-ciel-danne-robillard","status":"publish","type":"post","link":"https:\/\/feuilletsdeuphemia.fr\/index.php\/2023\/01\/08\/chevaliers-demeraude-1-le-feu-dans-le-ciel-danne-robillard\/","title":{"rendered":"Chevaliers d&#8217;Emeraude 1 &#8211; Le Feu dans le ciel d&#8217;Anne Robillard"},"content":{"rendered":"\n<p>R\u00e9sum\u00e9 :<\/p>\n\n\n\n<p>L&#8217;Empereur Noir, Amecareth, a lev\u00e9 ses arm\u00e9es monstrueuses pour envahir les royaumes du continent d&#8217;Endikiev. Bient\u00f4t, la terre de Shola subit les attaques f\u00e9roces des sinistres dragons et des impitoyables hommes-insectes. Pourquoi les troupes d&#8217;Amecareth reviennent-elles sur le continent apr\u00e8s des si\u00e8cles de paix pour mettre \u00e0 feu et \u00e0 sang le royaume glac\u00e9 de Shola ? Les sept Chevaliers d&#8217;\u00e9meraude &#8211; six hommes et une femme &#8211; sont les seuls \u00e0 pouvoir percer ce myst\u00e8re, inverser le destin et repousser les forces du mal. Leur qu\u00eate p\u00e9rilleuse commence alors. Ils devront pour cela accomplir l&#8217;\u00e9trange proph\u00e9tie qui lie Kira, une petite fille de 2 ans, au sort du monde\u2026 Dans la lign\u00e9e du Seigneur des anneaux et Eragon, voici le premier tome d&#8217;une saga fantastique qui r\u00e9veille des temps lointains peupl\u00e9s d&#8217;elfes, de f\u00e9es et de magiciens.<\/p>\n\n\n\n<p>Critique :<\/p>\n\n\n\n<p>Suite \u00e0 des recherches sur la litt\u00e9rature de jeunesse, je me suis d\u00e9cid\u00e9e \u00e0 lire la saga Les Chevaliers d\u2019Emeraude d\u2019Anne Robillard dont Le feu dans le ciel est le premier tome. Tout au long de ma lecture, je me suis demand\u00e9e ce qui faisait que ce roman \u00e9tait class\u00e9 dans la litt\u00e9rature de jeunesse \/ jeune adulte.<\/p>\n\n\n\n<p>L\u2019histoire n\u2019est pas trop mal. On suit les aventures des sept chevaliers d\u2019\u00e9meraude, des guerriers magiciens qui se consacrent \u00e0 la protection du continent. Six hommes et une femme. Chacun a sa personnalit\u00e9, cependant on pourrait regretter des tournures malheureuses, notamment pour d\u00e9crire Chlo\u00e9, la seule femme du groupe. L\u2019auteur sous-entend que, parce que c\u2019est une femme, il est normal qu\u2019elle soit plus douce et rechigne \u00e0 utiliser la violence.<\/p>\n\n\n\n<p>On suit les sept chevaliers mais deux personnages sont plus d\u00e9velopp\u00e9s que les autres : le chevalier Wellan et l\u2019enfant Kira. Je trouve Wellan imbuvable. Il joue les hommes forts, il est dur, refuse de montrer ses sentiments, il est parfois autoritaire. Bref je le trouve vraiment antipathique. Kira, quant \u00e0 elle, est une enfant myst\u00e9rieuse violette avec des oreilles de chat. Elle est tr\u00e8s attachante, contrairement \u00e0 Wellan. Donc, c\u00f4t\u00e9 personnage, avis assez mitig\u00e9 : des deux protagonistes, l\u2019un me plait beaucoup, l\u2019autre m\u2019insupporte.<\/p>\n\n\n\n<p>L\u2019histoire peut sembler un peu r\u00e9p\u00e9titive et\/ou parfois un peu trop fournie. Je m\u2019explique. On a sept chevaliers qui doivent aller \u00e0 un moment pr\u00e9venir des rois. Ils se scindent en plusieurs groupes et l\u00e0 chacun va voir le roi qui lui a \u00e9t\u00e9 confi\u00e9. Au final, m\u00eame si les rois et les pays changent l\u2019action est la m\u00eame (information \u00e0 donner \/ requ\u00eate \u00e0 formuler), et \u00e7a devient un peu lassant et en prime on cumule les noms, les lieux, et au final faut r\u00e9ussir \u00e0 retenir tout \u00e7a.<\/p>\n\n\n\n<p>Je crois que le cot\u00e9 jeunesse \/ jeune adulte repose surtout dans le style utilis\u00e9. Il y a peu de descriptions compar\u00e9 \u00e0 d\u2019autres romans et celles qu\u2019il y a sont assez peu d\u00e9velopp\u00e9es. Et en cons\u00e9quence, il y a pas mal d\u2019actions (m\u00eame si r\u00e9p\u00e9titives). Ce qui me marque c\u2019est le c\u00f4t\u00e9 tr\u00e8s \u00ab donn\u00e9 \u00bb. Le narrateur donne les sentiments (il \u00e9tait en col\u00e8re) plut\u00f4t que de d\u00e9crire avec de la nuance (Son visage se colora et ses poings se serr\u00e8rent). Mais le tout est li\u00e9.<\/p>\n\n\n\n<p>Pour certains critiques, le but de la litt\u00e9rature de jeunesse c\u2019est de r\u00e9ussir \u00e0 captiver le lecteur en lui offrant de l\u2019aventure donc de l\u2019action. Les descriptions trop longues et trop nuanc\u00e9es deviennent alors un frein \u00e0 l\u2019action, au risque d\u2019ennuyer le lecteur. D\u2019o\u00f9 des descriptions pas trop fouill\u00e9es et des sentiments exprim\u00e9s franchement comme moteur \u00e0 l\u2019action.<\/p>\n\n\n\n<p>Dernier point sur le style de l\u2019auteur. J\u2019ai \u00e9t\u00e9 parfois surprise par certaines tournures, notamment sa tendance \u00e0 mettre \u00ab si \u00bb l\u00e0 o\u00f9 on mettrait normalement \u00ab oui \u00bb (\u00ab Si \u00bb intervient normalement en r\u00e9ponse \u00e0 une n\u00e9gation et non apr\u00e8s une affirmation).<\/p>\n\n\n\n<p>En conclusion, le roman se lit bien, tout est mis en \u0153uvre dans ce but (cf ce que je disais sur le style) mais au final je trouve cela assez simpliste (\u00e0 cause de ce manque de nuance, non dans la psychologie des personnages mais bien dans l\u2019\u00e9criture). J\u2019avoue que le destin de Kira me rend tr\u00e8s curieuse. Bref, c\u2019est pas mal mais je trouve le style de l\u2019auteur frustrant et au final je n\u2019arrive pas \u00e0 accrocher r\u00e9ellement.<\/p>\n","protected":false},"excerpt":{"rendered":"<p>R\u00e9sum\u00e9 : L&#8217;Empereur Noir, Amecareth, a lev\u00e9 ses arm\u00e9es monstrueuses pour envahir les royaumes du continent d&#8217;Endikiev. Bient\u00f4t, la terre de Shola subit les attaques f\u00e9roces des sinistres dragons et des impitoyables&#8230;<\/p>\n","protected":false},"author":2,"featured_media":277,"comment_status":"open","ping_status":"open","sticky":false,"template":"","format":"standard","meta":{"footnotes":""},"categories":[6],"tags":[],"class_list":["post-276","post","type-post","status-publish","format-standard","has-post-thumbnail","hentry","category-imaginaire"],"_links":{"self":[{"href":"https:\/\/feuilletsdeuphemia.fr\/index.php\/wp-json\/wp\/v2\/posts\/276","targetHints":{"allow":["GET"]}}],"collection":[{"href":"https:\/\/feuilletsdeuphemia.fr\/index.php\/wp-json\/wp\/v2\/posts"}],"about":[{"href":"https:\/\/feuilletsdeuphemia.fr\/index.php\/wp-json\/wp\/v2\/types\/post"}],"author":[{"embeddable":true,"href":"https:\/\/feuilletsdeuphemia.fr\/index.php\/wp-json\/wp\/v2\/users\/2"}],"replies":[{"embeddable":true,"href":"https:\/\/feuilletsdeuphemia.fr\/index.php\/wp-json\/wp\/v2\/comments?post=276"}],"version-history":[{"count":1,"href":"https:\/\/feuilletsdeuphemia.fr\/index.php\/wp-json\/wp\/v2\/posts\/276\/revisions"}],"predecessor-version":[{"id":278,"href":"https:\/\/feuilletsdeuphemia.fr\/index.php\/wp-json\/wp\/v2\/posts\/276\/revisions\/278"}],"wp:featuredmedia":[{"embeddable":true,"href":"https:\/\/feuilletsdeuphemia.fr\/index.php\/wp-json\/wp\/v2\/media\/277"}],"wp:attachment":[{"href":"https:\/\/feuilletsdeuphemia.fr\/index.php\/wp-json\/wp\/v2\/media?parent=276"}],"wp:term":[{"taxonomy":"category","embeddable":true,"href":"https:\/\/feuilletsdeuphemia.fr\/index.php\/wp-json\/wp\/v2\/categories?post=276"},{"taxonomy":"post_tag","embeddable":true,"href":"https:\/\/feuilletsdeuphemia.fr\/index.php\/wp-json\/wp\/v2\/tags?post=276"}],"curies":[{"name":"wp","href":"https:\/\/api.w.org\/{rel}","templated":true}]}}