{"id":195,"date":"2023-01-08T18:11:58","date_gmt":"2023-01-08T17:11:58","guid":{"rendered":"http:\/\/feuilletsdeuphemia.fr\/?p=195"},"modified":"2023-01-08T18:12:01","modified_gmt":"2023-01-08T17:12:01","slug":"le-jeune-homme-la-mort-et-le-temps-de-richard-matheson","status":"publish","type":"post","link":"https:\/\/feuilletsdeuphemia.fr\/index.php\/2023\/01\/08\/le-jeune-homme-la-mort-et-le-temps-de-richard-matheson\/","title":{"rendered":"Le jeune homme, la mort et le temps de Richard Matheson"},"content":{"rendered":"\n<p>R\u00e9sum\u00e9 (\u00e9diteur) :<\/p>\n\n\n\n<p>\u00c0 trente-six ans, Richard Collier se sait condamn\u00e9 \u00e0 br\u00e8ve \u00e9ch\u00e9ance. Pour tromper son d\u00e9sespoir, il voyage, au hasard, jusqu&#8217;\u00e0 \u00e9chouer dans un vieil h\u00f4tel aux bords du Pacifique.<\/p>\n\n\n\n<p>Envo\u00fbt\u00e9 par cette demeure surann\u00e9e, il tombe bient\u00f4t sous le charme d&#8217;un portrait ornant les murs de l&#8217;h\u00f4tel : celui d&#8217;Elise McKenna, une c\u00e9l\u00e8bre actrice ayant v\u00e9cu \u00e0 la fin du XIXe si\u00e8cle.<\/p>\n\n\n\n<p>Critique<\/p>\n\n\n\n<p>En juin dernier, Richard Matheson est d\u00e9c\u00e9d\u00e9. J&#8217;avais entendu parler de lui mais je n&#8217;avais jamais rien lu. J&#8217;ai vu l&#8217;adaptation cin\u00e9matographique Je Suis une L\u00e9gende mais j&#8217;en garde peu de souvenirs. Ce mois-ci, la LC du Cercle propose de lire un de ses romans et je me suis dit que cela serait une occasion pour d\u00e9couvrir cet auteur.<\/p>\n\n\n\n<p>Ce roman raconte une belle histoire d&#8217;amour, \u00e0 travers le temps, entre Richard Collier, un sc\u00e9nariste vivant dans les ann\u00e9es 1971 et Elise McKenna, une actrice de th\u00e9\u00e2tre de la fin du XIXe si\u00e8cle. Le roman s&#8217;ouvre sur une pr\u00e9sentation par Robert Collier, le fr\u00e8re de Richard, qui, suite \u00e0 la mort du sc\u00e9nariste, a tri\u00e9 et retravaill\u00e9 les papiers de ce dernier et cela donne le texte ici pr\u00e9sent.<\/p>\n\n\n\n<p>Je n&#8217;ai pas particuli\u00e8rement accroch\u00e9 aux personnages, peut-\u00eatre \u00e0 cause d&#8217;une phrase de Richard Collier qui d\u00e9crivait Elise comme une &#8220;personnalit\u00e9 progressiste sous une nature discr\u00e8te&#8221;, une femme comme il les aime. Richard a beau aim\u00e9 les femmes ind\u00e9pendantes (et il encourage Elise \u00e0 revendiquer cette libert\u00e9), faut pas non plus qu&#8217;elles la ram\u00e8nent trop\u2026 Bref, je n&#8217;accroche pas trop \u00e0 son id\u00e9al f\u00e9minin. On est pass\u00e9 du &#8216;Sois belle et tais-toi&#8217; \u00e0 &#8220;Sois intelligente mais tais-toi&#8217;. Il y a du mieux mais c&#8217;est pas encore \u00e7a. Les autres personnages sont plus discrets : la m\u00e8re d&#8217;Elise, Robinson, l&#8217;impr\u00e9sario (que j&#8217;ai appr\u00e9ci\u00e9 car il est assez ambigu, certes il est pr\u00eat \u00e0 tout pour Elise mais la piti\u00e9 du h\u00e9ros pour lui est un peu contagieuse). Un dernier personnage appara\u00eet : le fr\u00e8re de Richard, Robert, aussi appel\u00e9 Bob, qui semble un bon bougre mais qui a du mal \u00e0 croire son fr\u00e8re.<\/p>\n\n\n\n<p>Je sais que cet auteur est plutot class\u00e9 SF \/ \u00e9pouvante (dixit wikip\u00e9dia) mais ce texte rel\u00e8ve du fantastique, \u00e0 mes yeux. On a une histoire &#8220;\u00e9trange&#8221;, celle d&#8217;un voyage dans le temps mais rien ne permet de d\u00e9cider si c&#8217;est vrai ou non. On reste toujours dans le doute. A chaque lecteur de d\u00e9cider de la version qu&#8217;il pr\u00e9f\u00e8re\u2026<\/p>\n\n\n\n<p>Question langue, le roman se lit tr\u00e8s bien. J&#8217;aime beaucoup le travail sur l&#8217;\u00e9criture. Au d\u00e9part, Richard est sc\u00e9nariste. Il est habitu\u00e9 \u00e0 \u00e9crire des textes au style quasi t\u00e9l\u00e9graphique et cela se ressent sur la mani\u00e8re dont il tient son journal. Au fur et \u00e0 mesure de son voyage, il s&#8217;impr\u00e8gne de la mani\u00e8re de s&#8217;exprimer du XIXe si\u00e8cle et son style se modifie en cons\u00e9quence. Cette \u00e9volution donne un peu plus de r\u00e9alit\u00e9 \u00e0 ce voyage dans le temps.<\/p>\n\n\n\n<p>La lecture a \u00e9t\u00e9 agr\u00e9able mais j&#8217;ai du mal \u00e0 accrocher \u00e0 cette histoire d&#8217;amour (peut-\u00eatre tout simplement parce que ce genre d&#8217;intrigue n&#8217;est pas mon truc). Je pense aussi que ce que je savais de l&#8217;auteur(notamment qu&#8217;il \u00e9tait associ\u00e9 \u00e0 la SF et \u00e0 l&#8217;\u00e9pouvante) ne m&#8217;avait pas pr\u00e9par\u00e9e \u00e0 ce genre de r\u00e9cit et au final, le roman ne correspond pas \u00e0 ce que j&#8217;attendais.<\/p>\n","protected":false},"excerpt":{"rendered":"<p>R\u00e9sum\u00e9 (\u00e9diteur) : \u00c0 trente-six ans, Richard Collier se sait condamn\u00e9 \u00e0 br\u00e8ve \u00e9ch\u00e9ance. Pour tromper son d\u00e9sespoir, il voyage, au hasard, jusqu&#8217;\u00e0 \u00e9chouer dans un vieil h\u00f4tel aux bords du Pacifique&#8230;.<\/p>\n","protected":false},"author":2,"featured_media":196,"comment_status":"open","ping_status":"open","sticky":false,"template":"","format":"standard","meta":{"footnotes":""},"categories":[6],"tags":[],"class_list":["post-195","post","type-post","status-publish","format-standard","has-post-thumbnail","hentry","category-imaginaire"],"_links":{"self":[{"href":"https:\/\/feuilletsdeuphemia.fr\/index.php\/wp-json\/wp\/v2\/posts\/195","targetHints":{"allow":["GET"]}}],"collection":[{"href":"https:\/\/feuilletsdeuphemia.fr\/index.php\/wp-json\/wp\/v2\/posts"}],"about":[{"href":"https:\/\/feuilletsdeuphemia.fr\/index.php\/wp-json\/wp\/v2\/types\/post"}],"author":[{"embeddable":true,"href":"https:\/\/feuilletsdeuphemia.fr\/index.php\/wp-json\/wp\/v2\/users\/2"}],"replies":[{"embeddable":true,"href":"https:\/\/feuilletsdeuphemia.fr\/index.php\/wp-json\/wp\/v2\/comments?post=195"}],"version-history":[{"count":1,"href":"https:\/\/feuilletsdeuphemia.fr\/index.php\/wp-json\/wp\/v2\/posts\/195\/revisions"}],"predecessor-version":[{"id":197,"href":"https:\/\/feuilletsdeuphemia.fr\/index.php\/wp-json\/wp\/v2\/posts\/195\/revisions\/197"}],"wp:featuredmedia":[{"embeddable":true,"href":"https:\/\/feuilletsdeuphemia.fr\/index.php\/wp-json\/wp\/v2\/media\/196"}],"wp:attachment":[{"href":"https:\/\/feuilletsdeuphemia.fr\/index.php\/wp-json\/wp\/v2\/media?parent=195"}],"wp:term":[{"taxonomy":"category","embeddable":true,"href":"https:\/\/feuilletsdeuphemia.fr\/index.php\/wp-json\/wp\/v2\/categories?post=195"},{"taxonomy":"post_tag","embeddable":true,"href":"https:\/\/feuilletsdeuphemia.fr\/index.php\/wp-json\/wp\/v2\/tags?post=195"}],"curies":[{"name":"wp","href":"https:\/\/api.w.org\/{rel}","templated":true}]}}