{"id":177,"date":"2023-01-08T13:28:17","date_gmt":"2023-01-08T12:28:17","guid":{"rendered":"http:\/\/feuilletsdeuphemia.fr\/?p=177"},"modified":"2023-01-08T13:28:20","modified_gmt":"2023-01-08T12:28:20","slug":"warcraft-jaina-le-deferlement-de-christie-golden","status":"publish","type":"post","link":"https:\/\/feuilletsdeuphemia.fr\/index.php\/2023\/01\/08\/warcraft-jaina-le-deferlement-de-christie-golden\/","title":{"rendered":"Warcraft &#8211; Jaina : le D\u00e9ferlement de Christie Golden"},"content":{"rendered":"\n<p>R\u00e9sum\u00e9 : Jaina est une puissante mage qui, apr\u00e8s bien des \u00e9preuves, a pr\u00e9f\u00e9r\u00e9 vivre dans le port de Theramore plutot que de rester parmi ses coll\u00e8gues \u00e0 Dalaran. Elle y a ses petites habitudes et son groupe d&#8217;amis : Tervosh, un mage comme elle, Peine, une guerri\u00e8re qui la prot\u00e8ge et Kinndy, son apprentie. Et puis un jour, Kalecgos, ancien aspect de la magie et chef du Vol Bleu, vient solliciter son aide : il a perdu une relique puissante et a peur qu&#8217;elle tombe entre de mauvaises mains \u2026<\/p>\n\n\n\n<p>Critique : Jaina : le d\u00e9ferlement est un roman dont l&#8217;action a lieu dans l&#8217;univers de World of Warcraft. Jaina est d\u00e9j\u00e0 apparue dans des romans, notamment celui consacr\u00e9 \u00e0 Arthas, o\u00f9 elle a vu tous ses espoirs plac\u00e9s en lui \u00eatre r\u00e9duits \u00e0 n\u00e9ant.<\/p>\n\n\n\n<p>Quelques petits points seront un peu obscurs pour les n\u00e9ophytes, pas mal de r\u00e9f\u00e9rences \u00e0 des \u00e9v\u00e9nements ant\u00e9rieurs aussi donc je ne sais pas si je conseillerais \u00e0 ceux qui ne connaissent pas l&#8217;univers. Et c&#8217;est bien dommage pour eux\u2026<\/p>\n\n\n\n<p>Ce roman a \u00e9t\u00e9 \u00e9crit par Christie Golden et j&#8217;ai toujours trouv\u00e9 qu&#8217;elle nous offrait toujours de magnifiques romans. J&#8217;avais particuli\u00e8rement appr\u00e9ci\u00e9 ceux sur Thrall et sur Arthas. Le livre est tr\u00e8s bon, fluide \u2026<\/p>\n\n\n\n<p>Les personnages sont bien d\u00e9velopp\u00e9s et conformes \u00e0 ce que les joueurs peuvent attendre d&#8217;eux. Ma surprise a \u00e9t\u00e9 de voir un Varian assagi, moins vindicatif mais toujours aussi d\u00e9cid\u00e9 \u00e0 botter le cul de la horde. Par contre j&#8217;ai l&#8217;impression qu&#8217;il y a anguille sous roche avec l&#8217;un des personnages, Malkorok et au final, en ce qui le concerne, on reste un peu sur notre faim. D&#8217;ailleurs la fin est un peu frustrante dans le sens o\u00f9 c&#8217;est une fin ouverte, qui ouvre sur autre chose plus qu&#8217;elle ne clot un roman \u2026<\/p>\n\n\n\n<p>Dernier point : un reproche. Le r\u00e9sum\u00e9 sur la 4e de couverture parle de Jaina comme d&#8217;une sorci\u00e8re. J&#8217;ai pens\u00e9 \u00e0 un d\u00e9faut de traduction mais le reste utilise bien les termes habituels. Et c&#8217;est bien sorceress utilis\u00e9 dans le r\u00e9sum\u00e9 anglais; Bref, vu qu&#8217;elle est mage et non sorci\u00e8re je regrette cet emploi. D\u00e9tail ? Pas tant que \u00e7a, parce que le joueur connaisseur de World of Warcraft tiquera un peu sur ce mot et cela donnera une impression de bacl\u00e9. C&#8217;\u00e9tait l&#8217;impression que j&#8217;avais eu en lisant le r\u00e9sum\u00e9 d&#8217;un autre des romans tir\u00e9s de ce jeu o\u00f9 ils parlaient d&#8217;elfes sylvains (race qui n&#8217;existe pas dans le jeu).<\/p>\n\n\n\n<p>Bref un tr\u00e8s bon roman, comme on en a l&#8217;habitude avec Christie Golden.<\/p>\n","protected":false},"excerpt":{"rendered":"<p>R\u00e9sum\u00e9 : Jaina est une puissante mage qui, apr\u00e8s bien des \u00e9preuves, a pr\u00e9f\u00e9r\u00e9 vivre dans le port de Theramore plutot que de rester parmi ses coll\u00e8gues \u00e0 Dalaran. Elle y a&#8230;<\/p>\n","protected":false},"author":2,"featured_media":178,"comment_status":"open","ping_status":"open","sticky":false,"template":"","format":"standard","meta":{"footnotes":""},"categories":[6],"tags":[],"class_list":["post-177","post","type-post","status-publish","format-standard","has-post-thumbnail","hentry","category-imaginaire"],"_links":{"self":[{"href":"https:\/\/feuilletsdeuphemia.fr\/index.php\/wp-json\/wp\/v2\/posts\/177","targetHints":{"allow":["GET"]}}],"collection":[{"href":"https:\/\/feuilletsdeuphemia.fr\/index.php\/wp-json\/wp\/v2\/posts"}],"about":[{"href":"https:\/\/feuilletsdeuphemia.fr\/index.php\/wp-json\/wp\/v2\/types\/post"}],"author":[{"embeddable":true,"href":"https:\/\/feuilletsdeuphemia.fr\/index.php\/wp-json\/wp\/v2\/users\/2"}],"replies":[{"embeddable":true,"href":"https:\/\/feuilletsdeuphemia.fr\/index.php\/wp-json\/wp\/v2\/comments?post=177"}],"version-history":[{"count":1,"href":"https:\/\/feuilletsdeuphemia.fr\/index.php\/wp-json\/wp\/v2\/posts\/177\/revisions"}],"predecessor-version":[{"id":179,"href":"https:\/\/feuilletsdeuphemia.fr\/index.php\/wp-json\/wp\/v2\/posts\/177\/revisions\/179"}],"wp:featuredmedia":[{"embeddable":true,"href":"https:\/\/feuilletsdeuphemia.fr\/index.php\/wp-json\/wp\/v2\/media\/178"}],"wp:attachment":[{"href":"https:\/\/feuilletsdeuphemia.fr\/index.php\/wp-json\/wp\/v2\/media?parent=177"}],"wp:term":[{"taxonomy":"category","embeddable":true,"href":"https:\/\/feuilletsdeuphemia.fr\/index.php\/wp-json\/wp\/v2\/categories?post=177"},{"taxonomy":"post_tag","embeddable":true,"href":"https:\/\/feuilletsdeuphemia.fr\/index.php\/wp-json\/wp\/v2\/tags?post=177"}],"curies":[{"name":"wp","href":"https:\/\/api.w.org\/{rel}","templated":true}]}}