{"id":1265,"date":"2024-02-22T22:00:59","date_gmt":"2024-02-22T21:00:59","guid":{"rendered":"http:\/\/feuilletsdeuphemia.fr\/?p=1265"},"modified":"2024-02-22T22:01:00","modified_gmt":"2024-02-22T21:01:00","slug":"le-miroir-de-nuit-dardell-t-hell","status":"publish","type":"post","link":"https:\/\/feuilletsdeuphemia.fr\/index.php\/2024\/02\/22\/le-miroir-de-nuit-dardell-t-hell\/","title":{"rendered":"Le Miroir de Nuit d&#8217;Ardell T. Hell"},"content":{"rendered":"\n<p>R\u00e9sum\u00e9 \u00e9diteur : <\/p>\n\n\n\n<p>Avril 1869. Deux jeunes Anglais se perdent, un soir d\u2019orage, dans une for\u00eat de Roumanie. Le comte Stanislas Oglinda de Noapte leur offre l\u2019hospitalit\u00e9 dans son ch\u00e2teau. Sauv\u00e9s ? Non, car ils ne sont que des proies pour ce pr\u00e9dateur. Ce dernier se contente cependant de les s\u00e9parer. Pour quelle raison ? Et cet homme, tout \u00e0 tour adorable de gentillesse et monstrueux de cruaut\u00e9, est-il un ange ou un d\u00e9mon ? Dans sa qu\u00eate pour retrouver Antha, sa cousine, Sebastian Dawley obtiendra l\u2019aide d\u2019une villageoise m\u00e9dium et d\u2019une vampire avide de vengeance.Ensemble, ils d\u00e9couvriront la v\u00e9rit\u00e9 sur le pass\u00e9 du comte. \u00c0 moins que cette r\u00e9v\u00e9lation ne dissimule un secret bien plus horrible\u2026<\/p>\n\n\n\n<p>Tout d&#8217;abord je voudrais remercier les \u00e9ditions du Petit Caveau qui m&#8217;ont fait profiter de ce roman en SP et en avant premi\u00e8re puisque le roman sort dans trois semaines.   <\/p>\n\n\n\n<p>Au d\u00e9part, l&#8217;histoire r\u00e9unit pas mal d&#8217;ingr\u00e9dients classiques du r\u00e9cit de vampires : la Roumanie, le ch\u00e2teau isol\u00e9 et quasi inhabit\u00e9, l&#8217;orage, un noble local fascinant qui accueille avec une pr\u00e9venance assez d\u00e9concertante, la population locale inqui\u00e8te et soumise&#8230; Bref un d\u00e9part assez classique mais l&#8217;originalit\u00e9 de ce roman tient dans l&#8217;ambigu\u00eft\u00e9 du vampire. Alors que dans Dracula, par exemple, le vampire n&#8217;est attirant que de fa\u00e7ade afin d&#8217;attirer sa proie et la d\u00e9vorer, le lecteur n&#8217;oublie jamais que Stanislas peut \u00eatre bienveillant comme sans piti\u00e9, voire cruel par plaisir. Et au final, je ressors de ma lecture sans vraiment avoir d\u00e9cid\u00e9 de quel c\u00f4t\u00e9 la balance penche le plus. Sans trop en divulguer, certains personnages sont bien travaill\u00e9s, sans \u00eatre trop lisses, avec leurs qualit\u00e9s, certes, et leurs d\u00e9fauts, ce qui donne vraiment envie de savoir ce qu&#8217;il va leur advenir. <\/p>\n\n\n\n<p>Je remarque cependant deux petits d\u00e9fauts \u00e0 ce premier roman. Le tout premier r\u00e9side dans la construction du r\u00e9cit. Le roman est divis\u00e9 en plusieurs parties, elles-m\u00eames contenant plusieurs chapitres. La premi\u00e8re partie est d\u00e9di\u00e9e \u00e0 l&#8217;action, l&#8217;arriv\u00e9e en Roumanie, la captivit\u00e9 d&#8217;Antha et ses tentatives pour s&#8217;enfuir ou pour la lib\u00e9rer, selon le point de vue de la jeune femme ou de son cousin. Dans la seconde partie, une vieille femme consent \u00e0 partager le pass\u00e9 de Stanislas, et ce sur plusieurs chapitres. Le r\u00e9cit est int\u00e9ressant et prenant mais j&#8217;ai trouv\u00e9 que cela cassait un peu le rythme de l&#8217;action avec un retour en arri\u00e8re assez long. J&#8217;aurais pr\u00e9f\u00e9r\u00e9 des flashbacks plus courts, plus t\u00f4t dans le r\u00e9cit, par petites touches, plut\u00f4t que cette longue pause dans l&#8217;action. <\/p>\n\n\n\n<p>L&#8217;autre point qui m&#8217;a un peu d\u00e9plu, c&#8217;est l&#8217;absence de mention sur la couverture et dans les informations fournies du fait que ce roman est le premier tome d&#8217;une s\u00e9rie. J&#8217;aime savoir dans quoi je me lance, et j&#8217;avoue y r\u00e9fl\u00e9chir \u00e0 deux fois avant de commencer de nouvelles s\u00e9ries, surtout dans le cas d&#8217;un premier roman. Un peu peur des s\u00e9ries interrompues.<\/p>\n\n\n\n<p>Cela dit, je ne regrette pas d&#8217;avoir lu cette histoire. J&#8217;ai appr\u00e9ci\u00e9 les personnages, pour leurs ambigu\u00eft\u00e9s et je suivrai probablement cette auteure (ainsi que la suite de cette s\u00e9rie). <\/p>\n","protected":false},"excerpt":{"rendered":"<p>R\u00e9sum\u00e9 \u00e9diteur : Avril 1869. Deux jeunes Anglais se perdent, un soir d\u2019orage, dans une for\u00eat de Roumanie. Le comte Stanislas Oglinda de Noapte leur offre l\u2019hospitalit\u00e9 dans son ch\u00e2teau. Sauv\u00e9s ?&#8230;<\/p>\n","protected":false},"author":2,"featured_media":1266,"comment_status":"open","ping_status":"open","sticky":false,"template":"","format":"standard","meta":{"footnotes":""},"categories":[6],"tags":[13],"class_list":["post-1265","post","type-post","status-publish","format-standard","has-post-thumbnail","hentry","category-imaginaire","tag-sp"],"_links":{"self":[{"href":"https:\/\/feuilletsdeuphemia.fr\/index.php\/wp-json\/wp\/v2\/posts\/1265","targetHints":{"allow":["GET"]}}],"collection":[{"href":"https:\/\/feuilletsdeuphemia.fr\/index.php\/wp-json\/wp\/v2\/posts"}],"about":[{"href":"https:\/\/feuilletsdeuphemia.fr\/index.php\/wp-json\/wp\/v2\/types\/post"}],"author":[{"embeddable":true,"href":"https:\/\/feuilletsdeuphemia.fr\/index.php\/wp-json\/wp\/v2\/users\/2"}],"replies":[{"embeddable":true,"href":"https:\/\/feuilletsdeuphemia.fr\/index.php\/wp-json\/wp\/v2\/comments?post=1265"}],"version-history":[{"count":1,"href":"https:\/\/feuilletsdeuphemia.fr\/index.php\/wp-json\/wp\/v2\/posts\/1265\/revisions"}],"predecessor-version":[{"id":1267,"href":"https:\/\/feuilletsdeuphemia.fr\/index.php\/wp-json\/wp\/v2\/posts\/1265\/revisions\/1267"}],"wp:featuredmedia":[{"embeddable":true,"href":"https:\/\/feuilletsdeuphemia.fr\/index.php\/wp-json\/wp\/v2\/media\/1266"}],"wp:attachment":[{"href":"https:\/\/feuilletsdeuphemia.fr\/index.php\/wp-json\/wp\/v2\/media?parent=1265"}],"wp:term":[{"taxonomy":"category","embeddable":true,"href":"https:\/\/feuilletsdeuphemia.fr\/index.php\/wp-json\/wp\/v2\/categories?post=1265"},{"taxonomy":"post_tag","embeddable":true,"href":"https:\/\/feuilletsdeuphemia.fr\/index.php\/wp-json\/wp\/v2\/tags?post=1265"}],"curies":[{"name":"wp","href":"https:\/\/api.w.org\/{rel}","templated":true}]}}