{"id":124,"date":"2023-01-08T13:00:10","date_gmt":"2023-01-08T12:00:10","guid":{"rendered":"http:\/\/feuilletsdeuphemia.fr\/?p=124"},"modified":"2023-01-08T13:00:13","modified_gmt":"2023-01-08T12:00:13","slug":"fahrenheit-451-roman-et-film","status":"publish","type":"post","link":"https:\/\/feuilletsdeuphemia.fr\/index.php\/2023\/01\/08\/fahrenheit-451-roman-et-film\/","title":{"rendered":"Fahrenheit 451, roman et film"},"content":{"rendered":"\n<p>Malgr\u00e9 mes r\u00e9ticences \u00e0 relire du Ray Bradbury (je n&#8217;avais pas \u00e9t\u00e9 plus emball\u00e9e que \u00e7a), j&#8217;ai accept\u00e9 de lire Farhenheit 451 dans le cadre de mon &#8216;club de lecture&#8221;.Ce roman a \u00e9t\u00e9 choisi comme lecture du mois d&#8217;ao\u00fbt en hommage, pour faire red\u00e9couvrir cet auteur qui nous a quitt\u00e9 r\u00e9cemment.<\/p>\n\n\n\n<p>R\u00e9sum\u00e9.<\/p>\n\n\n\n<p>Dans un futur plus ou moins lointain, les livres sont interdits. Les maison sont devenues ignifug\u00e9es et les pompiers se sont reconvertis : d\u00e9sormais c&#8217;est eux qui allument les feux, les feux o\u00f9 brulent les livres. Montag est l&#8217;un de ces pompiers. Un soir, il rentre tard chez lui, apr\u00e8s une journ\u00e9e de travail, et il sent, comme d&#8217;habitude, une pr\u00e9sence.Sa jeune voisine, Clarisse, vient l&#8217;aborder et discuter. Cette jeune fille lui pose pleins de questions et l&#8217;am\u00e8ne \u00e0 s&#8217;interroger sur sa vie\u2026<\/p>\n\n\n\n<p>Critique<\/p>\n\n\n\n<p>Je suis toujours rebut\u00e9e par un c\u00f4t\u00e9 trop futuriste, trop froid de la science fiction mais ce c\u00f4t\u00e9 l\u00e0 est absent de ce roman. Le lecteur suit les interrogations de Montag. Quand sa jeune voisine lui demande si il est heureux, cette question le hante et il est oblig\u00e9 de s&#8217;avouer que non, il n&#8217;est pas heureux. L&#8217;\u00e9tat fait tout pour le distraire de ce genre de questions, lui ainsi que toute la population : de grands murs sont install\u00e9s dans les maisons pour divertir les gens, il n&#8217;y a plus de place pour la r\u00e9flexion et les dissidents sont arr\u00eat\u00e9s et &#8220;reconvertis&#8221;. Malgr\u00e9 tout Montag n&#8217;est pas heureux. Sa femme non plus, m\u00eame si elle ne se rend pas compte. Quelle autre raison la pousserait \u00e0 s&#8217;abrutir avec des \u00e9missions de t\u00e9l\u00e9vision et avec des comprim\u00e9s\u2026<\/p>\n\n\n\n<p>Et le film ?<\/p>\n\n\n\n<p>Le film date un peu. Il est sorti en 1966, r\u00e9alis\u00e9 par Fran\u00e7ois Truffaut. Je ne l&#8217;avais encore jamais vu. Suite \u00e0 la lecture du roman, j&#8217;ai d\u00e9cid\u00e9 de le visionner.<\/p>\n\n\n\n<p>L&#8217;intrigue a \u00e9t\u00e9 modifi\u00e9e. Clarisse a \u00e9t\u00e9 modifi\u00e9e. Alors qu&#8217;elle n&#8217;\u00e9tait qu&#8217;une jeune fille dans le roman (puisqu&#8217;elle dit \u00e0 un moment \u00eatre exempte de l&#8217;\u00e9cole), elle est une femme adulte dans le film, institutrice renvoy\u00e9e de son travail \u00e0 cause de ses id\u00e9es. D&#8217;autres changements ont \u00e9t\u00e9 op\u00e9r\u00e9s, plus ou moins gros mais le principal reste pour moi l&#8217;absence de la guerre.<\/p>\n\n\n\n<p>Attention spoiler : dans le roman, la guerre survient et les hommes-livres d\u00e9cident de revenir vers la population pour les aider avec l&#8217;espoir cette fois que les hommes entendront raison. Le film cr\u00e9e une ambiance de guerre civile, et non de guerre contre un autre pays et s&#8217;ach\u00e8ve sur le constat que les hommes sont destin\u00e9s \u00e0 r\u00e9p\u00e9ter les m\u00eames erreurs. Si les livres redeviennent permis, leur interdiction ne saurait tarder \u00e0 revenir \u2026 Je trouve la fin du film beaucoup plus pessimiste mais l&#8217;essentiel est cependant respect\u00e9, malgr\u00e9 les modifications.<\/p>\n","protected":false},"excerpt":{"rendered":"<p>Malgr\u00e9 mes r\u00e9ticences \u00e0 relire du Ray Bradbury (je n&#8217;avais pas \u00e9t\u00e9 plus emball\u00e9e que \u00e7a), j&#8217;ai accept\u00e9 de lire Farhenheit 451 dans le cadre de mon &#8216;club de lecture&#8221;.Ce roman a&#8230;<\/p>\n","protected":false},"author":2,"featured_media":125,"comment_status":"open","ping_status":"open","sticky":false,"template":"","format":"standard","meta":{"footnotes":""},"categories":[6],"tags":[],"class_list":["post-124","post","type-post","status-publish","format-standard","has-post-thumbnail","hentry","category-imaginaire"],"_links":{"self":[{"href":"https:\/\/feuilletsdeuphemia.fr\/index.php\/wp-json\/wp\/v2\/posts\/124","targetHints":{"allow":["GET"]}}],"collection":[{"href":"https:\/\/feuilletsdeuphemia.fr\/index.php\/wp-json\/wp\/v2\/posts"}],"about":[{"href":"https:\/\/feuilletsdeuphemia.fr\/index.php\/wp-json\/wp\/v2\/types\/post"}],"author":[{"embeddable":true,"href":"https:\/\/feuilletsdeuphemia.fr\/index.php\/wp-json\/wp\/v2\/users\/2"}],"replies":[{"embeddable":true,"href":"https:\/\/feuilletsdeuphemia.fr\/index.php\/wp-json\/wp\/v2\/comments?post=124"}],"version-history":[{"count":1,"href":"https:\/\/feuilletsdeuphemia.fr\/index.php\/wp-json\/wp\/v2\/posts\/124\/revisions"}],"predecessor-version":[{"id":126,"href":"https:\/\/feuilletsdeuphemia.fr\/index.php\/wp-json\/wp\/v2\/posts\/124\/revisions\/126"}],"wp:featuredmedia":[{"embeddable":true,"href":"https:\/\/feuilletsdeuphemia.fr\/index.php\/wp-json\/wp\/v2\/media\/125"}],"wp:attachment":[{"href":"https:\/\/feuilletsdeuphemia.fr\/index.php\/wp-json\/wp\/v2\/media?parent=124"}],"wp:term":[{"taxonomy":"category","embeddable":true,"href":"https:\/\/feuilletsdeuphemia.fr\/index.php\/wp-json\/wp\/v2\/categories?post=124"},{"taxonomy":"post_tag","embeddable":true,"href":"https:\/\/feuilletsdeuphemia.fr\/index.php\/wp-json\/wp\/v2\/tags?post=124"}],"curies":[{"name":"wp","href":"https:\/\/api.w.org\/{rel}","templated":true}]}}