{"id":118,"date":"2023-01-08T12:55:56","date_gmt":"2023-01-08T11:55:56","guid":{"rendered":"http:\/\/feuilletsdeuphemia.fr\/?p=118"},"modified":"2023-01-08T12:55:59","modified_gmt":"2023-01-08T11:55:59","slug":"malhorne-1-le-trait-dunion-entre-les-mondes-de-jerome-camut","status":"publish","type":"post","link":"https:\/\/feuilletsdeuphemia.fr\/index.php\/2023\/01\/08\/malhorne-1-le-trait-dunion-entre-les-mondes-de-jerome-camut\/","title":{"rendered":"Malhorne 1 &#8211; Le trait d&#8217;union entre les mondes de J\u00e9r\u00f4me Camut"},"content":{"rendered":"\n<p>R\u00e9sum\u00e9 (\u00e9diteur)<\/p>\n\n\n\n<p>On trouve des traces de Malhorne \u00e0 toutes les \u00e9poques. De Malhorne ou de l\u2019une de ses r\u00e9incarnations. Des ossements, une empreinte de pied marqu\u00e9e \u00e0 tout jamais dans le permafrost sib\u00e9rien, une peinture rupestre, un symbole grav\u00e9 sur un m\u00e9galithe, une statue fig\u00e9e en Louisiane et d\u2019autres identiques \u00e0 divers endroits du globe. Il est l\u00e0. Depuis toujours. Jamais il n\u2019a manqu\u00e9 un \u00e2ge. Et pourtant, mis \u00e0 part les siens, nul n\u2019a jamais su qui il est, ni o\u00f9 il se trouve. Aujourd\u2019hui, la traque a enfin commenc\u00e9. Des hommes ont trouv\u00e9 sa piste et la remontent inexorablement. Seulement voil\u00e0 ! Avec six milliards d\u2019\u00eatres humains, il peut s\u2019agir de n\u2019importe qui. Et c\u2019est peut\u00eatre vous, ou l\u2019un de vos proches, mais vous ne le savez pas encore\u2026<\/p>\n\n\n\n<p>R\u00e9sum\u00e9 (perso) :<\/p>\n\n\n\n<p>Franklin Adamov est un ethnologue. Il part avec un coll\u00e8gue en Amazonie o\u00f9 il d\u00e9couvre une statute d&#8217;un chevalier, avec sur la garde de l&#8217;\u00e9p\u00e9e l&#8217;inscription : Malhorne. A son retour (son coll\u00e8gue meurt l\u00e0-bas), il donne une conf\u00e9rence sur ses d\u00e9couvertes et se fait approcher par une myst\u00e9rieuse fondation Prom\u00e9th\u00e9e qui propose de lui financer ses recherches \u00e0 condition de venir le faire pour eux.<\/p>\n\n\n\n<p>Critique<\/p>\n\n\n\n<p>Deux histoires se m\u00ealent pendant le roman : les recherches de Franklin et la fondation, et ce qui se passe en m\u00eame temps et d&#8217;un autre c\u00f4t\u00e9 le r\u00e9cit de la vie de Malhorne. Les deux fils ont des longueurs \u00e0 mes yeux. La vie de Malhorne tire un peu en longueur \u00e0 part quelques moments plus int\u00e9ressants, quand on sent qu&#8217;il s&#8217;attache aux hommes qu&#8217;il cotoit.<\/p>\n\n\n\n<p>La fondation est assez effrayante : ils ont beaucoup de pouvoir, beaucoup de ressources et leurs motivations, enfin celle de leur chef, Craig, ne sont pas tr\u00e8s claires. J&#8217;appr\u00e9cie peu les libert\u00e9s qu&#8217;ils prennent : voler de force des statues aux 4 coins de la terre, entrer par effraction chez un particulier sans autre raison que la maison en question porte le nom de Malhorne, enferme un homme\u2026On a l&#8217;impression qu&#8217;ils n&#8217;ont pas de limites et \u00e7a, \u00e7a fait peur.<\/p>\n\n\n\n<p>Malhorne est un personnage peu clair : dans l&#8217;une de ses incarnations (celle du prologue) il est particuli\u00e8rement peu sympathique. Enferm\u00e9 dans la fondation, il n&#8217;h\u00e9site pas \u00e0 faire \u00e9talage de ses pouvoirs psychiques sans avoir l&#8217;air de se soucier de qui pourrait en souffrir (cet \u00e9talage provoque notamment quelques morts). Je crois que ce qui me g\u00eane, c&#8217;est que je ne pige pas son man\u00e8ge. Il semble parfois se moquer de ceux qui l&#8217;entourent et parfois il est bon et soucieux du bien \u00eatre des autres \u2026 Un personnage qui ne soit pas parfaitement bon ne me g\u00eane pas mais ici il est incompr\u00e9hensible et ca rend la lecture difficile.<\/p>\n\n\n\n<p>Franklin est un personnage beaucoup plus humain, avec des r\u00e9actions cens\u00e9es et donc beaucoup plus attachant mais aussi beaucoup moins pr\u00e9sent dans le r\u00e9cit que Malhorne.<\/p>\n\n\n\n<p>Ce roman est le premier tome d&#8217;une quadrilogie. J&#8217;avais achet\u00e9 le tome 2 en version num\u00e9rique lors de l&#8217;offre \u00e0 0.99 euros de Bragelonne donc je lirai surement le second tome mais probablement pas maintenant. En fait le probl\u00e8me \u00e0 mes yeux, c&#8217;est que je ne suis pas curieuse de la suite. On obtient pas mal d&#8217;informations dans le premier tome mais pas de myst\u00e8re suffisamment fort ne subsiste \u00e0 la fin pour me rendre vraiment curieuse. Il reste bien quelques questions, m\u00eame des importantes mais pas assez pour \u00e9veiller ma curiosit\u00e9.<\/p>\n","protected":false},"excerpt":{"rendered":"<p>R\u00e9sum\u00e9 (\u00e9diteur) On trouve des traces de Malhorne \u00e0 toutes les \u00e9poques. De Malhorne ou de l\u2019une de ses r\u00e9incarnations. Des ossements, une empreinte de pied marqu\u00e9e \u00e0 tout jamais dans le&#8230;<\/p>\n","protected":false},"author":2,"featured_media":119,"comment_status":"open","ping_status":"open","sticky":false,"template":"","format":"standard","meta":{"footnotes":""},"categories":[6],"tags":[],"class_list":["post-118","post","type-post","status-publish","format-standard","has-post-thumbnail","hentry","category-imaginaire"],"_links":{"self":[{"href":"https:\/\/feuilletsdeuphemia.fr\/index.php\/wp-json\/wp\/v2\/posts\/118","targetHints":{"allow":["GET"]}}],"collection":[{"href":"https:\/\/feuilletsdeuphemia.fr\/index.php\/wp-json\/wp\/v2\/posts"}],"about":[{"href":"https:\/\/feuilletsdeuphemia.fr\/index.php\/wp-json\/wp\/v2\/types\/post"}],"author":[{"embeddable":true,"href":"https:\/\/feuilletsdeuphemia.fr\/index.php\/wp-json\/wp\/v2\/users\/2"}],"replies":[{"embeddable":true,"href":"https:\/\/feuilletsdeuphemia.fr\/index.php\/wp-json\/wp\/v2\/comments?post=118"}],"version-history":[{"count":1,"href":"https:\/\/feuilletsdeuphemia.fr\/index.php\/wp-json\/wp\/v2\/posts\/118\/revisions"}],"predecessor-version":[{"id":120,"href":"https:\/\/feuilletsdeuphemia.fr\/index.php\/wp-json\/wp\/v2\/posts\/118\/revisions\/120"}],"wp:featuredmedia":[{"embeddable":true,"href":"https:\/\/feuilletsdeuphemia.fr\/index.php\/wp-json\/wp\/v2\/media\/119"}],"wp:attachment":[{"href":"https:\/\/feuilletsdeuphemia.fr\/index.php\/wp-json\/wp\/v2\/media?parent=118"}],"wp:term":[{"taxonomy":"category","embeddable":true,"href":"https:\/\/feuilletsdeuphemia.fr\/index.php\/wp-json\/wp\/v2\/categories?post=118"},{"taxonomy":"post_tag","embeddable":true,"href":"https:\/\/feuilletsdeuphemia.fr\/index.php\/wp-json\/wp\/v2\/tags?post=118"}],"curies":[{"name":"wp","href":"https:\/\/api.w.org\/{rel}","templated":true}]}}