{"id":1149,"date":"2023-02-05T17:28:55","date_gmt":"2023-02-05T16:28:55","guid":{"rendered":"http:\/\/feuilletsdeuphemia.fr\/?p=1149"},"modified":"2023-02-05T17:28:58","modified_gmt":"2023-02-05T16:28:58","slug":"apre-roc-de-fabrice-chauliac","status":"publish","type":"post","link":"https:\/\/feuilletsdeuphemia.fr\/index.php\/2023\/02\/05\/apre-roc-de-fabrice-chauliac\/","title":{"rendered":"\u00c2pre-Roc de Fabrice Chauliac"},"content":{"rendered":"\n<p>Tout d&#8217;abord je voudrais remercier les \u00e9ditions Voy&#8217;el et le site Simplement Pro pour m&#8217;avoir donn\u00e9 l&#8217;occasion de lire ce roman.<\/p>\n\n\n\n<p><strong>R\u00e9sum\u00e9 (\u00e9diteur) :<\/strong><\/p>\n\n\n\n<p>L&#8217;\u2019Inquisition a expurg\u00e9 le Mal des consciences et chass\u00e9 \u00e0 tout jamais les cr\u00e9atures des temps anciens. Tandis que le Culte r\u00e9git les corps et les \u00e2mes, des chasseurs de primes se chargent des basses besognes pour \u00e9liminer les \u00eatres impurs qui auraient pu \u00e9chapper \u00e0 cette extermination.<\/p>\n\n\n\n<p>Dans son petit village d\u2019\u00c2pre-Roc perdu dans les Causses, Na\u00efs m\u00e8ne une existence insipide sous la f\u00e9rule de son directeur de conscience.<\/p>\n\n\n\n<p>Une amiti\u00e9 inattendue et l\u2019exhumation d\u2019un secret vont d\u00e9vier \u00e0 tout jamais le cours de sa vie. Elle r\u00e9alisera alors que pour son monde, il n\u2019est de plus grand p\u00e9ril qu\u2019une femme instruite.<\/p>\n\n\n\n<p><strong>Critique :<\/strong><em> <\/em><\/p>\n\n\n\n<p>Dans ce court roman (232 pages en version papier), le lecteur suit les aventures de Na\u00efs pour survivre. Cette jeune fille vit dans un village isol\u00e9 dans un monde gouvern\u00e9 quasiment par un clerg\u00e9 int\u00e9griste qui traque sans rel\u00e2che et sans piti\u00e9 ceux qu&#8217;il consid\u00e8re comme h\u00e9r\u00e9tiques. La vie insouciante de l&#8217;h\u00e9ro\u00efne va prochainement s&#8217;achever : il sera bient\u00f4t temps de se marier et de fonder une famille, parce que, dans ce monde, qu&#8217;est ce qu&#8217;une femme peut-elle bien faire d&#8217;autre ? Sa petite vie apparemment tranquille va pourtant \u00eatre d\u00e9rang\u00e9e par une d\u00e9couverte tout aussi int\u00e9ressante que p\u00e9rilleuse \u2026<\/p>\n\n\n\n<p>J&#8217;ai beaucoup aim\u00e9 l&#8217;\u00e9criture de l&#8217;auteur, avec un vocabulaire riche, des descriptions pr\u00e9cises et un univers foisonnant, une \u00e9criture tellement agr\u00e9able que je reprocherai bien \u00e0 l&#8217;auteur de nous en avoir racont\u00e9 aussi peu sur cet univers. Je termine ma lecture avec une envie d&#8217;en conna\u00eetre davantage sur ce monde, son pass\u00e9, ses cr\u00e9atures et sur Na\u00efs.<\/p>\n\n\n\n<p>Na\u00efs incarne la jeune fille de bonne famille, un peu rebelle, un peu sauvageonne mais avec bon c\u0153ur. On s&#8217;attache et on s&#8217;int\u00e9resse facilement et assez vite \u00e0 elle. Le roman regorge de personnages assez hauts en couleurs : son p\u00e8re le pr\u00e9v\u00f4t, anciennement duelliste, son amie Pesha, le diacre du village qui la d\u00e9sire\u2026<\/p>\n\n\n\n<p>De l&#8217;action, des secrets, des cr\u00e9atures et des personnages int\u00e9ressants, que demander de plus ? J&#8217;esp\u00e8re que ce roman aura une suite, ou, tout du moins, je suivrai attentivement cet auteur que je ne connaissais pas.<\/p>\n","protected":false},"excerpt":{"rendered":"<p>Tout d&#8217;abord je voudrais remercier les \u00e9ditions Voy&#8217;el et le site Simplement Pro pour m&#8217;avoir donn\u00e9 l&#8217;occasion de lire ce roman. R\u00e9sum\u00e9 (\u00e9diteur) : L&#8217;\u2019Inquisition a expurg\u00e9 le Mal des consciences et&#8230;<\/p>\n","protected":false},"author":2,"featured_media":1151,"comment_status":"open","ping_status":"open","sticky":false,"template":"","format":"standard","meta":{"footnotes":""},"categories":[6],"tags":[],"class_list":["post-1149","post","type-post","status-publish","format-standard","has-post-thumbnail","hentry","category-imaginaire"],"_links":{"self":[{"href":"https:\/\/feuilletsdeuphemia.fr\/index.php\/wp-json\/wp\/v2\/posts\/1149","targetHints":{"allow":["GET"]}}],"collection":[{"href":"https:\/\/feuilletsdeuphemia.fr\/index.php\/wp-json\/wp\/v2\/posts"}],"about":[{"href":"https:\/\/feuilletsdeuphemia.fr\/index.php\/wp-json\/wp\/v2\/types\/post"}],"author":[{"embeddable":true,"href":"https:\/\/feuilletsdeuphemia.fr\/index.php\/wp-json\/wp\/v2\/users\/2"}],"replies":[{"embeddable":true,"href":"https:\/\/feuilletsdeuphemia.fr\/index.php\/wp-json\/wp\/v2\/comments?post=1149"}],"version-history":[{"count":1,"href":"https:\/\/feuilletsdeuphemia.fr\/index.php\/wp-json\/wp\/v2\/posts\/1149\/revisions"}],"predecessor-version":[{"id":1152,"href":"https:\/\/feuilletsdeuphemia.fr\/index.php\/wp-json\/wp\/v2\/posts\/1149\/revisions\/1152"}],"wp:featuredmedia":[{"embeddable":true,"href":"https:\/\/feuilletsdeuphemia.fr\/index.php\/wp-json\/wp\/v2\/media\/1151"}],"wp:attachment":[{"href":"https:\/\/feuilletsdeuphemia.fr\/index.php\/wp-json\/wp\/v2\/media?parent=1149"}],"wp:term":[{"taxonomy":"category","embeddable":true,"href":"https:\/\/feuilletsdeuphemia.fr\/index.php\/wp-json\/wp\/v2\/categories?post=1149"},{"taxonomy":"post_tag","embeddable":true,"href":"https:\/\/feuilletsdeuphemia.fr\/index.php\/wp-json\/wp\/v2\/tags?post=1149"}],"curies":[{"name":"wp","href":"https:\/\/api.w.org\/{rel}","templated":true}]}}