{"id":1094,"date":"2023-02-05T17:11:45","date_gmt":"2023-02-05T16:11:45","guid":{"rendered":"http:\/\/feuilletsdeuphemia.fr\/?p=1094"},"modified":"2023-02-05T17:11:46","modified_gmt":"2023-02-05T16:11:46","slug":"les-yeux-de-slimane-baptiste-berhoun","status":"publish","type":"post","link":"https:\/\/feuilletsdeuphemia.fr\/index.php\/2023\/02\/05\/les-yeux-de-slimane-baptiste-berhoun\/","title":{"rendered":"Les yeux de Slimane-Baptiste Berhoun"},"content":{"rendered":"\n<p><strong>L&#8217;histoire<\/strong> : une disciple de Lacan vient \u00e9tudier un cas int\u00e9ressant de prosopagnosie (maladie qui am\u00e8ne \u00e0 ne plus reconna\u00eetre les visages) dans un h\u00f4pital psychiatrique isol\u00e9 dans la campagne fran\u00e7aise.<\/p>\n\n\n\n<p><strong>Le cadre<\/strong> : l&#8217;action se passe quelque temps apr\u00e8s la seconde guerre mondiale, la population est encore marqu\u00e9e par les atrocit\u00e9s qui ont eu lieu. L&#8217;h\u00f4pital est paum\u00e9, coup\u00e9 de tout, loin du village le plus proche et on sent que tout cela peut tr\u00e8s vite d\u00e9g\u00e9n\u00e9rer. En prime, pas de nouvelles technologies pour appeler \u00e0 l&#8217;aide : pas de t\u00e9l\u00e9phone portable mais pas de m\u00e9decine moderne non plus.<\/p>\n\n\n\n<p><strong>Les personnages<\/strong> : ils sont bien ficel\u00e9s, avec leur part d&#8217;ombre et de lumi\u00e8re. L&#8217;h\u00e9ro\u00efne et son ami le plus proche sont attachants. Chacun a sa part de myst\u00e8re qui sera \u00e9clair\u00e9e en temps et en heure. On a aussi une grande vari\u00e9t\u00e9 de personnages : aussi bien du c\u00f4t\u00e9 des soignants que des malades. Tous sont bien construits avec un pass\u00e9 et des d\u00e9fauts qui leur sont propres.<\/p>\n\n\n\n<p><strong>Mon avis<\/strong> : un thriller passionnant, jusqu&#8217;\u00e0 la fin qui m&#8217;a bien surprise, par contre ce roman est \u00e9prouvant : entre la sc\u00e8ne de &#8220;soins&#8221; de l&#8217;\u00e9poque racont\u00e9e dans le moindre d\u00e9tail et l&#8217;ambiance \u00e9touffante de cet asile, il faut quand m\u00eame avoir le c\u0153ur bien accroch\u00e9 pour finir la lecture ^^<\/p>\n","protected":false},"excerpt":{"rendered":"<p>L&#8217;histoire : une disciple de Lacan vient \u00e9tudier un cas int\u00e9ressant de prosopagnosie (maladie qui am\u00e8ne \u00e0 ne plus reconna\u00eetre les visages) dans un h\u00f4pital psychiatrique isol\u00e9 dans la campagne fran\u00e7aise. Le&#8230;<\/p>\n","protected":false},"author":2,"featured_media":1095,"comment_status":"open","ping_status":"open","sticky":false,"template":"","format":"standard","meta":{"footnotes":""},"categories":[6],"tags":[],"class_list":["post-1094","post","type-post","status-publish","format-standard","has-post-thumbnail","hentry","category-imaginaire"],"_links":{"self":[{"href":"https:\/\/feuilletsdeuphemia.fr\/index.php\/wp-json\/wp\/v2\/posts\/1094","targetHints":{"allow":["GET"]}}],"collection":[{"href":"https:\/\/feuilletsdeuphemia.fr\/index.php\/wp-json\/wp\/v2\/posts"}],"about":[{"href":"https:\/\/feuilletsdeuphemia.fr\/index.php\/wp-json\/wp\/v2\/types\/post"}],"author":[{"embeddable":true,"href":"https:\/\/feuilletsdeuphemia.fr\/index.php\/wp-json\/wp\/v2\/users\/2"}],"replies":[{"embeddable":true,"href":"https:\/\/feuilletsdeuphemia.fr\/index.php\/wp-json\/wp\/v2\/comments?post=1094"}],"version-history":[{"count":1,"href":"https:\/\/feuilletsdeuphemia.fr\/index.php\/wp-json\/wp\/v2\/posts\/1094\/revisions"}],"predecessor-version":[{"id":1096,"href":"https:\/\/feuilletsdeuphemia.fr\/index.php\/wp-json\/wp\/v2\/posts\/1094\/revisions\/1096"}],"wp:featuredmedia":[{"embeddable":true,"href":"https:\/\/feuilletsdeuphemia.fr\/index.php\/wp-json\/wp\/v2\/media\/1095"}],"wp:attachment":[{"href":"https:\/\/feuilletsdeuphemia.fr\/index.php\/wp-json\/wp\/v2\/media?parent=1094"}],"wp:term":[{"taxonomy":"category","embeddable":true,"href":"https:\/\/feuilletsdeuphemia.fr\/index.php\/wp-json\/wp\/v2\/categories?post=1094"},{"taxonomy":"post_tag","embeddable":true,"href":"https:\/\/feuilletsdeuphemia.fr\/index.php\/wp-json\/wp\/v2\/tags?post=1094"}],"curies":[{"name":"wp","href":"https:\/\/api.w.org\/{rel}","templated":true}]}}