{"id":1079,"date":"2023-02-05T17:07:09","date_gmt":"2023-02-05T16:07:09","guid":{"rendered":"http:\/\/feuilletsdeuphemia.fr\/?p=1079"},"modified":"2023-02-05T17:07:11","modified_gmt":"2023-02-05T16:07:11","slug":"les-revoltes-de-bohen-destelle-faye","status":"publish","type":"post","link":"https:\/\/feuilletsdeuphemia.fr\/index.php\/2023\/02\/05\/les-revoltes-de-bohen-destelle-faye\/","title":{"rendered":"Les R\u00e9volt\u00e9s de Bohen d&#8217;Estelle Faye"},"content":{"rendered":"\n<p>R\u00e9sum\u00e9 :<\/p>\n\n\n\n<p>J\u2019avais sept ans lorsque les insurg\u00e9s ont renvers\u00e9 l&#8217;Empire, lorsqu&#8217;un vent de libert\u00e9 et d&#8217;espoir a secou\u00e9 jusqu&#8217;aux tr\u00e9fonds de notre trop vieux monde. Je sais, aujourd&#8217;hui, que le drame \u00e9tait d\u00e9j\u00e0 l\u00e0, en germe, dans les toutes premi\u00e8res heures de la r\u00e9volution\u2026<br>Aujourd&#8217;hui les golems immobiles se dressent aux portes de l&#8217;ancienne capitale, et des pr\u00e9dicateurs errants nous promettent le prochain retour des Wurms, des anciens dragons d&#8217;ombre qui autrefois asservissaient les humains.<br>Je ne vais pas vous narrer le combat glorieux de la R\u00e9volution triomphante, car ce combat-l\u00e0 n&#8217;a jamais eu lieu. Les h\u00e9ros parfaits n&#8217;existent que dans les bylines, et les insurg\u00e9s n&#8217;\u00e9taient jamais que des hommes. Par contre je vais vous raconter comment nous avons continu\u00e9 \u00e0 y croire, m\u00eame dans les heures les plus sombres, m\u00eame quand nous n&#8217;avions plus d&#8217;espoir. Comment nous n&#8217;avons jamais abandonn\u00e9.<\/p>\n\n\n\n<p>Critique :<\/p>\n\n\n\n<p>Ce roman est la suite des Seigneurs de Bohen de la m\u00eame auteure. J&#8217;ai retrouv\u00e9 un certain nombre de personnages et j&#8217;en ai d\u00e9couverts d&#8217;autres. Qu&#8217;ils soient nouveaux ou non, ils sont tous bien travaill\u00e9s, bien d\u00e9peints, avec leurs forces et leurs faiblesses. J&#8217;ai \u00e9t\u00e9 \u00e9tonn\u00e9e par la capacit\u00e9 de l&#8217;auteure \u00e0 nous int\u00e9resser et nous \u00e9mouvoir sur le destin de ses personnages de papier. De ce cot\u00e9 l\u00e0, une lecture tr\u00e8s forte et tr\u00e8s prenante.<\/p>\n\n\n\n<p>Cot\u00e9 intrigue, ce que j&#8217;ai fortement appr\u00e9ci\u00e9, c&#8217;est le questionnement sur l&#8217;apr\u00e8s. Dans le premier tome, attention spoilers, les h\u00e9ros et h\u00e9ro\u00efnes parviennent \u00e0 d\u00e9poser l&#8217;empereur et l&#8217;imp\u00e9ratrice pour y instaurer un autre type de gouvernement. J&#8217;aime l&#8217;id\u00e9e que tout ne soit pas rose \u00e0 partir de ce point l\u00e0. Bien que la famille imp\u00e9riale ne soit plus l\u00e0, tout ne va pas bien pour autant et il faut apprendre \u00e0 composer avec. De plus la r\u00e9volution, certes, a permis de lib\u00e9rer une partie de la population mais les moyens employ\u00e9s ont aussi nui \u00e0 d&#8217;autres parties de la population. Le roman s\u2019\u00e9vertue \u00e0 montrer que le changement ne se fait pas de mani\u00e8re radicale mais c&#8217;est un combat sur la dur\u00e9e, un combat par forcement par les armes mais un combat aussi de tous les jours, notamment contre les pr\u00e9jug\u00e9s.<\/p>\n\n\n\n<p>Bref un roman fort, fort par ses personnages et par les id\u00e9es v\u00e9hicul\u00e9es.<\/p>\n","protected":false},"excerpt":{"rendered":"<p>R\u00e9sum\u00e9 : J\u2019avais sept ans lorsque les insurg\u00e9s ont renvers\u00e9 l&#8217;Empire, lorsqu&#8217;un vent de libert\u00e9 et d&#8217;espoir a secou\u00e9 jusqu&#8217;aux tr\u00e9fonds de notre trop vieux monde. Je sais, aujourd&#8217;hui, que le drame&#8230;<\/p>\n","protected":false},"author":2,"featured_media":1080,"comment_status":"open","ping_status":"open","sticky":false,"template":"","format":"standard","meta":{"footnotes":""},"categories":[6],"tags":[],"class_list":["post-1079","post","type-post","status-publish","format-standard","has-post-thumbnail","hentry","category-imaginaire"],"_links":{"self":[{"href":"https:\/\/feuilletsdeuphemia.fr\/index.php\/wp-json\/wp\/v2\/posts\/1079","targetHints":{"allow":["GET"]}}],"collection":[{"href":"https:\/\/feuilletsdeuphemia.fr\/index.php\/wp-json\/wp\/v2\/posts"}],"about":[{"href":"https:\/\/feuilletsdeuphemia.fr\/index.php\/wp-json\/wp\/v2\/types\/post"}],"author":[{"embeddable":true,"href":"https:\/\/feuilletsdeuphemia.fr\/index.php\/wp-json\/wp\/v2\/users\/2"}],"replies":[{"embeddable":true,"href":"https:\/\/feuilletsdeuphemia.fr\/index.php\/wp-json\/wp\/v2\/comments?post=1079"}],"version-history":[{"count":1,"href":"https:\/\/feuilletsdeuphemia.fr\/index.php\/wp-json\/wp\/v2\/posts\/1079\/revisions"}],"predecessor-version":[{"id":1081,"href":"https:\/\/feuilletsdeuphemia.fr\/index.php\/wp-json\/wp\/v2\/posts\/1079\/revisions\/1081"}],"wp:featuredmedia":[{"embeddable":true,"href":"https:\/\/feuilletsdeuphemia.fr\/index.php\/wp-json\/wp\/v2\/media\/1080"}],"wp:attachment":[{"href":"https:\/\/feuilletsdeuphemia.fr\/index.php\/wp-json\/wp\/v2\/media?parent=1079"}],"wp:term":[{"taxonomy":"category","embeddable":true,"href":"https:\/\/feuilletsdeuphemia.fr\/index.php\/wp-json\/wp\/v2\/categories?post=1079"},{"taxonomy":"post_tag","embeddable":true,"href":"https:\/\/feuilletsdeuphemia.fr\/index.php\/wp-json\/wp\/v2\/tags?post=1079"}],"curies":[{"name":"wp","href":"https:\/\/api.w.org\/{rel}","templated":true}]}}