{"id":1041,"date":"2023-02-05T16:53:04","date_gmt":"2023-02-05T15:53:04","guid":{"rendered":"http:\/\/feuilletsdeuphemia.fr\/?p=1041"},"modified":"2023-02-05T16:53:08","modified_gmt":"2023-02-05T15:53:08","slug":"un-pays-celtique-de-delenn-harper","status":"publish","type":"post","link":"https:\/\/feuilletsdeuphemia.fr\/index.php\/2023\/02\/05\/un-pays-celtique-de-delenn-harper\/","title":{"rendered":"Un pays celtique de Delenn Harper"},"content":{"rendered":"\n<p><strong>R\u00e9sum\u00e9&nbsp;:<\/strong><\/p>\n\n\n\n<p>A Paris, Lania 27 ans, effray\u00e9e par les hommes et la soci\u00e9t\u00e9, est perdue et \u00e0 la d\u00e9rive dans sa vie. Alors, lorsqu&#8217;elle re\u00e7oit une lettre myst\u00e9rieuse la convoquant \u00e0 accomplir son h\u00e9ritage breton sur la l\u00e9gendaire \u00eele d&#8217;Avalon, elle accepte malgr\u00e9 ses incertitudes.<\/p>\n\n\n\n<p>Pour elle c&#8217;est maintenant que tout commence. Elle a d\u00e9sormais les pieds dans deux mondes diff\u00e9rents, la folie la guette et tenter de quitter compl\u00e8tement l&#8217;un pour l&#8217;autre lui prendra toute la force qu&#8217;elle poss\u00e8de.<\/p>\n\n\n\n<p>La qu\u00eate de Lania pour le f\u00e9minin sacr\u00e9 sera-t-elle un fl\u00e9au ou une b\u00e9n\u00e9diction ? Sa vie va \u00eatre transform\u00e9e par ce voyage, au coeur de l&#8217;Europe, au bout du monde\u2026<\/p>\n\n\n\n<p>C\u00e9l\u00e9brez la ronde des saisons et le passage des lunes! Accompagnez Lania dans ses p\u00e9r\u00e9grinations et son apprentissage de la f\u00e9minit\u00e9. Avec le roman initiatique de d\u00e9veloppement personnel : Un Pays Celtique; voyagez vers la puissance de la f\u00e9minit\u00e9 spirituelle d&#8217;aujourd&#8217;hui !<\/p>\n\n\n\n<p><strong>Critique&nbsp;:<\/strong><\/p>\n\n\n\n<p>Tout d\u2019abord je tiens \u00e0 remercier l\u2019auteure, Delenn Harper et le site Simplement Pro pour m\u2019avoir permis de b\u00e9n\u00e9ficier de ce service presse.<\/p>\n\n\n\n<p>&#8221;Un pays celtique&#8221; est pr\u00e9sent\u00e9 comme un r\u00e9cit de fantasy mais pas de magie, de dragons ou d\u2019elfes dans ce r\u00e9cit. On est loin des histoires bourr\u00e9es d\u2019actions, de trahisons et d\u2019intrigues politiques. Il y a bien des combats mais ils se situent \u00e0 l\u2019int\u00e9rieur m\u00eame de l\u2019h\u00e9ro\u00efne, qui se d\u00e9bat avec ses traumatismes.<\/p>\n\n\n\n<p>L\u2019histoire commence avec un petit cot\u00e9 Harry Potter&nbsp;: une jeune bretonne, Lania, re\u00e7oit une myst\u00e9rieuse missive l\u2019invitant \u00e0 poursuivre des \u00e9tudes dans une \u00e9cole tr\u00e8s particuli\u00e8re. Sur le papier, le d\u00e9but manque d\u2019originalit\u00e9 mais tr\u00e8s vite, l\u2019histoire va prendre ses distances par rapport \u00e0 ce type de fantasy. Tout au long de la trilogie, Lania va alterner cours \u00e0 son \u00e9cole et sa vie dans le monde moderne. Le d\u00e9but est assez d\u00e9concertant car il y a peu de rep\u00e8res, notamment en termes d\u2019\u00e9poque. C\u2019est peu \u00e0 peu, au fur et \u00e0 mesure des mentions de certains objets et de certains \u00e9v\u00e9nements (semaine de la mode) qu\u2019on peut situer le monde ext\u00e9rieur \u00e0 l\u2019\u00e9cole comme notre monde moderne, fin XXe\/ d\u00e9but XXIe si\u00e8cle. L\u2019\u00e9cole semble exister dans une version alternative du Royaume Uni, o\u00f9 la monarchie aurait \u00e9t\u00e9 remplac\u00e9e par une soci\u00e9t\u00e9 matriarcale d\u2019origine celtique.<\/p>\n\n\n\n<p>Le parcours initiatique de Lania repose sur sa d\u00e9couverte des traditions matriarcales qui ont cours dans la culture celtique. Ces traditions lui sont inculqu\u00e9es \u00e0 l\u2019\u00e9cole et elle les met en pratique dans sa propre vie \u00e0 son retour dans le monde moderne. Son parcours repose sur la confrontation entre la th\u00e9orie celtique et la pratique des valeurs celtiques dans le monde moderne.<\/p>\n\n\n\n<p>Globalement je ressors de ma lecture avec un avis mitig\u00e9 sur ce roman. Le r\u00e9cit rel\u00e8ve plus du conte initiatique, fortement influenc\u00e9 par des courants de pens\u00e9e actuels que de la fantasy. Il y a un fort aspect \u00ab&nbsp;ouvrage de d\u00e9veloppement personnel&nbsp;\u00bb qui me semble trop d\u00e9mesur\u00e9 en terme de place dans le roman et surtout maladroitement expos\u00e9. La plupart des valeurs celtiques lui sont enseign\u00e9es pendant les cours et les monologues des enseignantes sont, \u00e0 mes yeux, trop longs. Le lecteur a l\u2019impression de subir un cours magistral interminable. Je trouve que cet aspect d\u00e9s\u00e9quilibre le roman.<\/p>\n\n\n\n<p>J\u2019ai aussi eu du mal avec les valeurs inculqu\u00e9es, notamment \u00e0 cause de mes convictions personnelles, surtout en ce qui concerne la sant\u00e9. Lania, hypocondriaque de nature et donc tr\u00e8s fournie en m\u00e9dicaments, d\u00e9cide d\u00e9sormais de n\u2019utiliser que des rem\u00e8des naturels donc elle jette toutes ses bo\u00eetes et les remplace par des herbes et des m\u00e9dicaments hom\u00e9opathiques. Sur le papier, limiter la consommation de m\u00e9dicaments, oui bien sur, des tisanes pour les maux b\u00e9nins oui aussi mais je ne crois pas en l\u2019hom\u00e9opathie. De m\u00eame un peu plus loin, l\u2019enseignante principale et les camarades de classe de Lania se lancent dans une charge contre la pilule contraceptive qui impose un cycle non naturel \u00e0 la femme en lui fournissant des hormones en trop. L\u2019enseignante compare m\u00eame le sang d\u2019une femme sous pilule au sang d\u2019une personne malade, donc \u00e0 du sang contamin\u00e9. Le raisonnement de l\u2019enseignante repose sur l\u2019id\u00e9e que la pilule est un moyen des hommes pour contr\u00f4ler le corps d\u2019une femme dans une soci\u00e9t\u00e9 patriarcale. Je trouve que c\u2019est nier le fait que la pilule permet aussi \u00e0 la femme de contr\u00f4ler son propre corps et de d\u00e9cider si elle souhaite tomber enceinte ou non.<\/p>\n\n\n\n<p>D\u2019ailleurs cette question de la sant\u00e9 et de la contraception m\u2019am\u00e8ne \u00e0 m\u2019interroger sur la vision de la femme donn\u00e9e dans cette tradition matriarcale celtique. J\u2019ai l\u2019impression que le parcours de Lania l\u2019a conduite d\u2019une prison \u00e0 une autre, de la tradition patriarcale \u00e0 une autre tradition mais tout aussi ferm\u00e9e aux \u00e9volutions. Deux petits exemples. L\u2019une des enseignantes pose que \u00ab&nbsp;la femme est naturellement spirituelle&nbsp;\u00bb. Plus tard, Lania est interrog\u00e9e sur le fait que sa d\u00e9cision de rejoindre ou non les pr\u00eatresses aura des cons\u00e9quences pour sa famille&nbsp;:<\/p>\n\n\n\n<blockquote class=\"wp-block-quote is-layout-flow wp-block-quote-is-layout-flow\">\n<p>\u2014 Et tes enfants, fille de Katell&nbsp;?<\/p>\n\n\n\n<p>\u2014 Je n\u2019ai pas d\u2019enfants, madame&nbsp;! lui r\u00e9pondis-je en essayant de baisser le ton.<\/p>\n\n\n\n<p>\u2014 Il arrivera un temps o\u00f9 tu auras des enfants, Lania, ou bien tu voudras en avoir\u2026<\/p>\n<\/blockquote>\n\n\n\n<p>Et si une femme n\u2019en veut pas&nbsp;? Ce roman pose un certain nombre de traits comme naturels, comme in\u00e9vitables et faisant partie de la nature f\u00e9minine, et ce discours me g\u00eane. Il est tout aussi essentialiste que la vision patriarcale des femmes. Il ne laisse pas de place pour le choix individuel. D\u2019ailleurs, la bonne preuve, c\u2019est que les femmes sont choisies, sont \u00e9lues. Quand \u00e0 la fin du roman, les novices, devenant pr\u00eatresses, doivent \u00eatre r\u00e9parties entre diff\u00e9rents postes possibles, c\u2019est l\u2019Oracle qui le leur attribue.<\/p>\n\n\n\n<p>A c\u00f4t\u00e9 de ces points, il y a des id\u00e9es passionnantes d\u00e9velopp\u00e9es, malheureusement parfois survol\u00e9es, \u00e9voqu\u00e9es rapidement mais sans retour alors que cela aurait pu \u00eatre tr\u00e8s productif&nbsp;: une des enseignantes pr\u00e9vient les novices qu\u2019il faut apprendre \u00e0 interpr\u00e9ter les contes et le roman regorge de contes mais on ne voit jamais Lania essayer de les lire, de les interpr\u00e9ter, de revenir dessus. Ils servent d\u2019illustration, d\u2019histoire dans l\u2019histoire mais sans \u00eatre exploit\u00e9s par ailleurs. La valeur de la porte comme seuil est aussi \u00e9voqu\u00e9e mais le r\u00e9cit n\u2019en fait rien d\u2019autre. Et pourtant la porte est un \u00e9l\u00e9ment essentiel dans tout r\u00e9cit initiatique.<\/p>\n\n\n\n<p>Un motif est particuli\u00e8rement bien d\u00e9velopp\u00e9, celui du cycle, ainsi qu\u2019un autre qui lui est associ\u00e9, la spirale. Le parcours de Lania dure un peu plus d\u2019un an, on revient au m\u00eame moment de l\u2019ann\u00e9e au d\u00e9but et \u00e0 la fin de la trilogie mais cela permet de constater l\u2019\u00e9volution de Lania. La symbolique des saisons pr\u00e9sent\u00e9e est vraiment int\u00e9ressante.<\/p>\n\n\n\n<blockquote class=\"wp-block-quote is-layout-flow wp-block-quote-is-layout-flow\">\n<p>Avec l\u2019automne, le travail caract\u00e9ristique est celui de la destruction afin d\u2019ouvrir le chemin \u00e0 un nouveau cycle. Donc les labours de la terre peuvent \u00eatre associ\u00e9s \u00e0 certaines de nos souffrances affectives. Cette phase peut, avec l\u2019optimisme n\u00e9cessaire \u00e0 cette voie spirituelle, \u00eatre per\u00e7ue comme un processus \u00e9volutif.La souffrance et le d\u00e9s\u00e9quilibre peuvent ainsi devenir productifs s\u2019ils sont compris comme un labour en vue des semailles prochaines. (livre 1, chapitre1)<\/p>\n<\/blockquote>\n\n\n\n<p>Enfin le r\u00e9cit est aussi parsem\u00e9 de r\u00e9f\u00e9rences musicales. C\u2019est assez logique \u00e9tant donn\u00e9 que Lania travaille dans la musique au d\u00e9but du roman. J\u2019ai aim\u00e9 ces r\u00e9f\u00e9rences ainsi que leur \u00e9clectisme. L\u2019auteure a cr\u00e9\u00e9 des listes spotify pour les \u00e9couter au fur et \u00e0 mesure de la lecture. J\u2019ai trouv\u00e9 que c\u2019\u00e9tait une bonne id\u00e9e.<\/p>\n\n\n\n<p>En conclusion, j\u2019ai trouv\u00e9 que le roman \u00e9tait trop bavard, surtout les enseignantes, et que ce n\u2019est pas le type de fantasy que j\u2019aime (cela rel\u00e8ve d\u2019une question de go\u00fbt personnel). Le contenu est tr\u00e8s dense, peut \u00eatre trop, avec beaucoup d\u2019id\u00e9es et certaines sont en cons\u00e9quence survol\u00e9es. J\u2019ai aim\u00e9 le travail sur certains motifs qu\u2019on retrouve dans la litt\u00e9rature en g\u00e9n\u00e9ral (cycle, spirale, porte). Le c\u00f4t\u00e9 \u00ab&nbsp;d\u00e9veloppement personnel&nbsp;\u00bb est trop pr\u00e9sent \u00e0 mes yeux, d\u2019autant plus que certaines id\u00e9es heurtent mes convictions personnelles.<\/p>\n","protected":false},"excerpt":{"rendered":"<p>R\u00e9sum\u00e9&nbsp;: A Paris, Lania 27 ans, effray\u00e9e par les hommes et la soci\u00e9t\u00e9, est perdue et \u00e0 la d\u00e9rive dans sa vie. Alors, lorsqu&#8217;elle re\u00e7oit une lettre myst\u00e9rieuse la convoquant \u00e0 accomplir&#8230;<\/p>\n","protected":false},"author":2,"featured_media":1042,"comment_status":"open","ping_status":"open","sticky":false,"template":"","format":"standard","meta":{"footnotes":""},"categories":[6],"tags":[],"class_list":["post-1041","post","type-post","status-publish","format-standard","has-post-thumbnail","hentry","category-imaginaire"],"_links":{"self":[{"href":"https:\/\/feuilletsdeuphemia.fr\/index.php\/wp-json\/wp\/v2\/posts\/1041","targetHints":{"allow":["GET"]}}],"collection":[{"href":"https:\/\/feuilletsdeuphemia.fr\/index.php\/wp-json\/wp\/v2\/posts"}],"about":[{"href":"https:\/\/feuilletsdeuphemia.fr\/index.php\/wp-json\/wp\/v2\/types\/post"}],"author":[{"embeddable":true,"href":"https:\/\/feuilletsdeuphemia.fr\/index.php\/wp-json\/wp\/v2\/users\/2"}],"replies":[{"embeddable":true,"href":"https:\/\/feuilletsdeuphemia.fr\/index.php\/wp-json\/wp\/v2\/comments?post=1041"}],"version-history":[{"count":1,"href":"https:\/\/feuilletsdeuphemia.fr\/index.php\/wp-json\/wp\/v2\/posts\/1041\/revisions"}],"predecessor-version":[{"id":1043,"href":"https:\/\/feuilletsdeuphemia.fr\/index.php\/wp-json\/wp\/v2\/posts\/1041\/revisions\/1043"}],"wp:featuredmedia":[{"embeddable":true,"href":"https:\/\/feuilletsdeuphemia.fr\/index.php\/wp-json\/wp\/v2\/media\/1042"}],"wp:attachment":[{"href":"https:\/\/feuilletsdeuphemia.fr\/index.php\/wp-json\/wp\/v2\/media?parent=1041"}],"wp:term":[{"taxonomy":"category","embeddable":true,"href":"https:\/\/feuilletsdeuphemia.fr\/index.php\/wp-json\/wp\/v2\/categories?post=1041"},{"taxonomy":"post_tag","embeddable":true,"href":"https:\/\/feuilletsdeuphemia.fr\/index.php\/wp-json\/wp\/v2\/tags?post=1041"}],"curies":[{"name":"wp","href":"https:\/\/api.w.org\/{rel}","templated":true}]}}